{"id":9061,"date":"2021-05-15T13:27:03","date_gmt":"2021-05-15T12:27:03","guid":{"rendered":"https:\/\/www.pfarregersthof.at\/komm\/?p=9061"},"modified":"2022-01-30T18:33:49","modified_gmt":"2022-01-30T17:33:49","slug":"jemand-zum-reden-wird-gesucht-rufen-sie-uns-an-0676-52-62-443","status":"publish","type":"post","link":"https:\/\/www.pfarregersthof.at\/komm\/2021\/05\/jemand-zum-reden-wird-gesucht-rufen-sie-uns-an-0676-52-62-443\/","title":{"rendered":"Jemand zum Reden wird gesucht? Rufen Sie uns an! 0676 52 62 433"},"content":{"rendered":"\n<p><a href=\"https:\/\/www.pfarregersthof.at\/komm\/wp-content\/uploads\/2021\/04\/GersthoferGespraechsTelefon_1.jpg\"><img loading=\"lazy\" decoding=\"async\" class=\"alignright size-medium wp-image-9059\" src=\"https:\/\/www.pfarregersthof.at\/komm\/wp-content\/uploads\/2021\/04\/GersthoferGespraechsTelefon_1-214x300.jpg\" alt=\"\" width=\"214\" height=\"300\" srcset=\"https:\/\/www.pfarregersthof.at\/komm\/wp-content\/uploads\/2021\/04\/GersthoferGespraechsTelefon_1-214x300.jpg 214w, https:\/\/www.pfarregersthof.at\/komm\/wp-content\/uploads\/2021\/04\/GersthoferGespraechsTelefon_1-107x150.jpg 107w, https:\/\/www.pfarregersthof.at\/komm\/wp-content\/uploads\/2021\/04\/GersthoferGespraechsTelefon_1-299x420.jpg 299w, https:\/\/www.pfarregersthof.at\/komm\/wp-content\/uploads\/2021\/04\/GersthoferGespraechsTelefon_1.jpg 303w\" sizes=\"auto, (max-width: 214px) 100vw, 214px\" \/><\/a>Sie wollen Ihre Sorgen abladen\u2026 <br>haben ein Problem\u2026 <br>suchen Trost\u2026 <br>f\u00fchlen sich einsam\u2026<br>wollen Ihre Gedanken ordnen\u2026<br>brauchen jemand zum Reden\u2026<br>oder m\u00f6chten Ihre Freude teilen\u2026<\/p>\n<h2>Dann <strong>rufen Sie uns an! <br><\/strong><strong>Tel: 0676 52 62 433<\/strong><\/h2>\n<p>Wir sind t\u00e4glich von 10 Uhr bis 20 Uhr f\u00fcr Sie da oder rufen Sie umgehend verl\u00e4sslich zur\u00fcck.<\/p>\n<p>Selbstverst\u00e4ndlich behandeln wir alle Inhalte streng vertraulich und, wenn Sie es w\u00fcnschen, bleiben Sie auch anonym.&nbsp;<\/p>\n<p><span style=\"color: #3366ff;\"><em>Maria Kissich<\/em><\/span> und <span style=\"color: #3366ff;\"><em>Diakon Toni<\/em><\/span> f\u00fcr das \u201eGersthofer Telefonteam\u201c<\/p>\n","protected":false},"excerpt":{"rendered":"<p>Sie wollen Ihre Sorgen abladen\u2026 haben ein Problem\u2026 suchen Trost\u2026 f\u00fchlen sich einsam\u2026wollen Ihre Gedanken ordnen\u2026brauchen jemand zum Reden\u2026oder m\u00f6chten Ihre Freude teilen\u2026 Dann rufen Sie uns an! Tel: 0676 52 62 433 Wir sind t\u00e4glich von 10 Uhr bis 20 Uhr f\u00fcr Sie da oder rufen Sie umgehend verl\u00e4sslich zur\u00fcck. Selbstverst\u00e4ndlich behandeln wir alle [&hellip;]<\/p>\n","protected":false},"author":2,"featured_media":0,"comment_status":"closed","ping_status":"closed","sticky":false,"template":"","format":"standard","meta":{"ngg_post_thumbnail":0,"footnotes":""},"categories":[7],"tags":[],"class_list":{"0":"post-9061","1":"post","2":"type-post","3":"status-publish","4":"format-standard","6":"category-archiv"},"publishpress_future_action":{"enabled":false,"date":"2026-05-08 09:21:58","action":"category","newStatus":"draft","terms":[],"taxonomy":"category","extraData":[]},"publishpress_future_workflow_manual_trigger":{"enabledWorkflows":[]},"_links":{"self":[{"href":"https:\/\/www.pfarregersthof.at\/komm\/wp-json\/wp\/v2\/posts\/9061","targetHints":{"allow":["GET"]}}],"collection":[{"href":"https:\/\/www.pfarregersthof.at\/komm\/wp-json\/wp\/v2\/posts"}],"about":[{"href":"https:\/\/www.pfarregersthof.at\/komm\/wp-json\/wp\/v2\/types\/post"}],"author":[{"embeddable":true,"href":"https:\/\/www.pfarregersthof.at\/komm\/wp-json\/wp\/v2\/users\/2"}],"replies":[{"embeddable":true,"href":"https:\/\/www.pfarregersthof.at\/komm\/wp-json\/wp\/v2\/comments?post=9061"}],"version-history":[{"count":6,"href":"https:\/\/www.pfarregersthof.at\/komm\/wp-json\/wp\/v2\/posts\/9061\/revisions"}],"predecessor-version":[{"id":10802,"href":"https:\/\/www.pfarregersthof.at\/komm\/wp-json\/wp\/v2\/posts\/9061\/revisions\/10802"}],"wp:attachment":[{"href":"https:\/\/www.pfarregersthof.at\/komm\/wp-json\/wp\/v2\/media?parent=9061"}],"wp:term":[{"taxonomy":"category","embeddable":true,"href":"https:\/\/www.pfarregersthof.at\/komm\/wp-json\/wp\/v2\/categories?post=9061"},{"taxonomy":"post_tag","embeddable":true,"href":"https:\/\/www.pfarregersthof.at\/komm\/wp-json\/wp\/v2\/tags?post=9061"}],"curies":[{"name":"wp","href":"https:\/\/api.w.org\/{rel}","templated":true}]}}