{"id":9202,"date":"2021-05-07T18:25:24","date_gmt":"2021-05-07T17:25:24","guid":{"rendered":"https:\/\/www.pfarregersthof.at\/komm\/?p=9202"},"modified":"2021-05-19T10:23:14","modified_gmt":"2021-05-19T09:23:14","slug":"gebet-fuer-die-oekumene-18-5","status":"publish","type":"post","link":"https:\/\/www.pfarregersthof.at\/komm\/2021\/05\/gebet-fuer-die-oekumene-18-5\/","title":{"rendered":"Gebet f\u00fcr die \u00d6kumene (18.5.)"},"content":{"rendered":"\n<p>Am <strong>Dienstag, 18. 05. 2021, um 19.00 Uhr in der Pfarrkirche<\/strong> wollen wir nach einj\u00e4hriger Verz\u00f6gerung endlich in \u00f6kumenischer Verbundenheit das \u201eGebet f\u00fcr die \u00d6kumene\u201c feiern und unserem Pfarrer i.R. Dr. Norbert Rodt f\u00fcr sein Engagement in der \u00d6kumene herzlich danken.<\/p>\n<p>Unter Ber\u00fccksichtigung der Vorschriften in der Pandemie (FFP2-Maske und Abstand halten) l\u00e4dt jetzt schon herzlich ein <br>Heinrich Bica<\/p>\n<p>PS: das Gebet ist auch als <a href=\"https:\/\/youtu.be\/aOAVEvu_AbY\" target=\"_blank\" rel=\"noopener\">Livestream auf YouTube<\/a> zu sehen.<\/p>\n","protected":false},"excerpt":{"rendered":"<p>Am Dienstag, 18. 05. 2021, um 19.00 Uhr in der Pfarrkirche wollen wir nach einj\u00e4hriger Verz\u00f6gerung endlich in \u00f6kumenischer Verbundenheit das \u201eGebet f\u00fcr die \u00d6kumene\u201c feiern und unserem Pfarrer i.R. Dr. Norbert Rodt f\u00fcr sein Engagement in der \u00d6kumene herzlich danken. Unter Ber\u00fccksichtigung der Vorschriften in der Pandemie (FFP2-Maske und Abstand halten) l\u00e4dt jetzt schon [&hellip;]<\/p>\n","protected":false},"author":2,"featured_media":0,"comment_status":"closed","ping_status":"closed","sticky":false,"template":"","format":"standard","meta":{"ngg_post_thumbnail":0,"footnotes":""},"categories":[7],"tags":[],"class_list":{"0":"post-9202","1":"post","2":"type-post","3":"status-publish","4":"format-standard","6":"category-archiv"},"publishpress_future_action":{"enabled":false,"date":"2026-05-08 09:20:42","action":"category","newStatus":"draft","terms":[],"taxonomy":"category","extraData":[]},"publishpress_future_workflow_manual_trigger":{"enabledWorkflows":[]},"_links":{"self":[{"href":"https:\/\/www.pfarregersthof.at\/komm\/wp-json\/wp\/v2\/posts\/9202","targetHints":{"allow":["GET"]}}],"collection":[{"href":"https:\/\/www.pfarregersthof.at\/komm\/wp-json\/wp\/v2\/posts"}],"about":[{"href":"https:\/\/www.pfarregersthof.at\/komm\/wp-json\/wp\/v2\/types\/post"}],"author":[{"embeddable":true,"href":"https:\/\/www.pfarregersthof.at\/komm\/wp-json\/wp\/v2\/users\/2"}],"replies":[{"embeddable":true,"href":"https:\/\/www.pfarregersthof.at\/komm\/wp-json\/wp\/v2\/comments?post=9202"}],"version-history":[{"count":1,"href":"https:\/\/www.pfarregersthof.at\/komm\/wp-json\/wp\/v2\/posts\/9202\/revisions"}],"predecessor-version":[{"id":9203,"href":"https:\/\/www.pfarregersthof.at\/komm\/wp-json\/wp\/v2\/posts\/9202\/revisions\/9203"}],"wp:attachment":[{"href":"https:\/\/www.pfarregersthof.at\/komm\/wp-json\/wp\/v2\/media?parent=9202"}],"wp:term":[{"taxonomy":"category","embeddable":true,"href":"https:\/\/www.pfarregersthof.at\/komm\/wp-json\/wp\/v2\/categories?post=9202"},{"taxonomy":"post_tag","embeddable":true,"href":"https:\/\/www.pfarregersthof.at\/komm\/wp-json\/wp\/v2\/tags?post=9202"}],"curies":[{"name":"wp","href":"https:\/\/api.w.org\/{rel}","templated":true}]}}