{"id":9204,"date":"2021-05-07T18:20:00","date_gmt":"2021-05-07T17:20:00","guid":{"rendered":"https:\/\/www.pfarregersthof.at\/komm\/?p=9204"},"modified":"2021-05-19T18:31:35","modified_gmt":"2021-05-19T17:31:35","slug":"wallfahrt-der-kfb-gersthof","status":"publish","type":"post","link":"https:\/\/www.pfarregersthof.at\/komm\/2021\/05\/wallfahrt-der-kfb-gersthof\/","title":{"rendered":"Wallfahrt der kfb Gersthof (19.5.)"},"content":{"rendered":"\n<p><strong>Am Mittwoch, 19. Mai,<\/strong> findet die allj\u00e4hrliche Wallfahrt der Frauen der kfb Gersthof statt. Wir treffen uns <strong>um 14:30 Uhr vor der Pfarrkirche<\/strong> und gehen nach dem Wallfahrerinnen-Segen zur Christk\u00f6nigskirche in P\u00f6tzleinsdorf, um dort gemeinsam eine Messe zu feiern.<\/p>\n<p>Anschlie\u00dfend gehen wir, bei Sch\u00f6nwetter, zu einer Agape in unseren Pfarrgarten, bei nicht so sch\u00f6nem Wetter, coronagerecht mit dem n\u00f6tigen Abstand, ins Gemeindezentrum.<\/p>\n<p>Wir freuen uns, mit euch gemeinsam spazieren zu gehen, zu plaudern, zu essen und zu trinken. <br><span style=\"color: #3366ff;\"><em>Monika Benesch<\/em><\/span><\/p>\n","protected":false},"excerpt":{"rendered":"<p>Am Mittwoch, 19. Mai, findet die allj\u00e4hrliche Wallfahrt der Frauen der kfb Gersthof statt. Wir treffen uns um 14:30 Uhr vor der Pfarrkirche und gehen nach dem Wallfahrerinnen-Segen zur Christk\u00f6nigskirche in P\u00f6tzleinsdorf, um dort gemeinsam eine Messe zu feiern. Anschlie\u00dfend gehen wir, bei Sch\u00f6nwetter, zu einer Agape in unseren Pfarrgarten, bei nicht so sch\u00f6nem Wetter, [&hellip;]<\/p>\n","protected":false},"author":2,"featured_media":0,"comment_status":"closed","ping_status":"closed","sticky":false,"template":"","format":"standard","meta":{"ngg_post_thumbnail":0,"footnotes":""},"categories":[7],"tags":[],"class_list":{"0":"post-9204","1":"post","2":"type-post","3":"status-publish","4":"format-standard","6":"category-archiv"},"publishpress_future_action":{"enabled":false,"date":"2026-05-08 09:21:30","action":"category","newStatus":"draft","terms":[],"taxonomy":"category","extraData":[]},"publishpress_future_workflow_manual_trigger":{"enabledWorkflows":[]},"_links":{"self":[{"href":"https:\/\/www.pfarregersthof.at\/komm\/wp-json\/wp\/v2\/posts\/9204","targetHints":{"allow":["GET"]}}],"collection":[{"href":"https:\/\/www.pfarregersthof.at\/komm\/wp-json\/wp\/v2\/posts"}],"about":[{"href":"https:\/\/www.pfarregersthof.at\/komm\/wp-json\/wp\/v2\/types\/post"}],"author":[{"embeddable":true,"href":"https:\/\/www.pfarregersthof.at\/komm\/wp-json\/wp\/v2\/users\/2"}],"replies":[{"embeddable":true,"href":"https:\/\/www.pfarregersthof.at\/komm\/wp-json\/wp\/v2\/comments?post=9204"}],"version-history":[{"count":2,"href":"https:\/\/www.pfarregersthof.at\/komm\/wp-json\/wp\/v2\/posts\/9204\/revisions"}],"predecessor-version":[{"id":9206,"href":"https:\/\/www.pfarregersthof.at\/komm\/wp-json\/wp\/v2\/posts\/9204\/revisions\/9206"}],"wp:attachment":[{"href":"https:\/\/www.pfarregersthof.at\/komm\/wp-json\/wp\/v2\/media?parent=9204"}],"wp:term":[{"taxonomy":"category","embeddable":true,"href":"https:\/\/www.pfarregersthof.at\/komm\/wp-json\/wp\/v2\/categories?post=9204"},{"taxonomy":"post_tag","embeddable":true,"href":"https:\/\/www.pfarregersthof.at\/komm\/wp-json\/wp\/v2\/tags?post=9204"}],"curies":[{"name":"wp","href":"https:\/\/api.w.org\/{rel}","templated":true}]}}