{"id":9209,"date":"2021-05-07T18:39:40","date_gmt":"2021-05-07T17:39:40","guid":{"rendered":"https:\/\/www.pfarregersthof.at\/komm\/?p=9209"},"modified":"2022-01-30T18:25:41","modified_gmt":"2022-01-30T17:25:41","slug":"ereignisse-zum-vormerken","status":"publish","type":"post","link":"https:\/\/www.pfarregersthof.at\/komm\/2021\/05\/ereignisse-zum-vormerken\/","title":{"rendered":"Ereignisse zum Vormerken"},"content":{"rendered":"\n<ul>\n<li><strong>\u201eGemeinde-Ausflug\u201c am Sonntag, 13. Juni,<\/strong> \u2013 f\u00fcr jung und alt, f\u00fcr Wanderfreudige und Autofahrer! Wir werden gemeinsam unterwegs sein, miteinander Gottesdienst feiern und bei einer Agape teilen\u2026 und vor allem Gemeinschaft erleben und daf\u00fcr dankbar sein! N\u00e4here Informationen folgen demn\u00e4chst.<br><br><\/li>\n<li><strong>\u201eNorbertikirtag\u201c<\/strong><br>Der n\u00e4chste Kirtag findet am <strong>Sonntag, 19. September,<\/strong> statt.<br><br><\/li>\n<li><strong>Reise in die Toscana<\/strong><br>Die geplante Reise vom Juni 2021 verschieben wir auf <strong>Oktober 2021<\/strong> (Herbstferien). Genaue Infos folgen demn\u00e4chst.<br><br><\/li>\n<li><strong>Assisi 2022<\/strong><br>Die n\u00e4chste spirituelle Reise nach Assisi planen wir f\u00fcr <strong>Juni 2022<\/strong> (Wochenende \u00fcber Fronleichnam).<\/li>\n<\/ul>\n<p>Informationen zu den geplanten Reisen bei Gerda Winner, Pastoralassistentin.<br><br><\/p>\n","protected":false},"excerpt":{"rendered":"<p>\u201eGemeinde-Ausflug\u201c am Sonntag, 13. Juni, \u2013 f\u00fcr jung und alt, f\u00fcr Wanderfreudige und Autofahrer! Wir werden gemeinsam unterwegs sein, miteinander Gottesdienst feiern und bei einer Agape teilen\u2026 und vor allem Gemeinschaft erleben und daf\u00fcr dankbar sein! N\u00e4here Informationen folgen demn\u00e4chst. \u201eNorbertikirtag\u201cDer n\u00e4chste Kirtag findet am Sonntag, 19. September, statt. Reise in die ToscanaDie geplante Reise [&hellip;]<\/p>\n","protected":false},"author":2,"featured_media":0,"comment_status":"closed","ping_status":"closed","sticky":false,"template":"","format":"standard","meta":{"ngg_post_thumbnail":0,"footnotes":""},"categories":[7],"tags":[],"class_list":{"0":"post-9209","1":"post","2":"type-post","3":"status-publish","4":"format-standard","6":"category-archiv"},"publishpress_future_action":{"enabled":false,"date":"2026-05-08 09:21:09","action":"category","newStatus":"draft","terms":[],"taxonomy":"category","extraData":[]},"publishpress_future_workflow_manual_trigger":{"enabledWorkflows":[]},"_links":{"self":[{"href":"https:\/\/www.pfarregersthof.at\/komm\/wp-json\/wp\/v2\/posts\/9209","targetHints":{"allow":["GET"]}}],"collection":[{"href":"https:\/\/www.pfarregersthof.at\/komm\/wp-json\/wp\/v2\/posts"}],"about":[{"href":"https:\/\/www.pfarregersthof.at\/komm\/wp-json\/wp\/v2\/types\/post"}],"author":[{"embeddable":true,"href":"https:\/\/www.pfarregersthof.at\/komm\/wp-json\/wp\/v2\/users\/2"}],"replies":[{"embeddable":true,"href":"https:\/\/www.pfarregersthof.at\/komm\/wp-json\/wp\/v2\/comments?post=9209"}],"version-history":[{"count":1,"href":"https:\/\/www.pfarregersthof.at\/komm\/wp-json\/wp\/v2\/posts\/9209\/revisions"}],"predecessor-version":[{"id":9210,"href":"https:\/\/www.pfarregersthof.at\/komm\/wp-json\/wp\/v2\/posts\/9209\/revisions\/9210"}],"wp:attachment":[{"href":"https:\/\/www.pfarregersthof.at\/komm\/wp-json\/wp\/v2\/media?parent=9209"}],"wp:term":[{"taxonomy":"category","embeddable":true,"href":"https:\/\/www.pfarregersthof.at\/komm\/wp-json\/wp\/v2\/categories?post=9209"},{"taxonomy":"post_tag","embeddable":true,"href":"https:\/\/www.pfarregersthof.at\/komm\/wp-json\/wp\/v2\/tags?post=9209"}],"curies":[{"name":"wp","href":"https:\/\/api.w.org\/{rel}","templated":true}]}}