{"id":9255,"date":"2021-05-16T08:58:04","date_gmt":"2021-05-16T07:58:04","guid":{"rendered":"https:\/\/www.pfarregersthof.at\/komm\/?p=9255"},"modified":"2021-05-28T20:55:49","modified_gmt":"2021-05-28T19:55:49","slug":"sterben-die-bienen-sterben-die-menschen-28-5","status":"publish","type":"post","link":"https:\/\/www.pfarregersthof.at\/komm\/2021\/05\/sterben-die-bienen-sterben-die-menschen-28-5\/","title":{"rendered":"&#8222;Sterben die Bienen, sterben die Menschen&#8220; (28.5.)"},"content":{"rendered":"\n<p>&#8222;Sterben die Bienen, sterben 4 Jahre sp\u00e4ter die Menschen!&#8220; stellte einst Albert Einstein fest.<\/p>\n<p>Herzliche Einladung an alle, besonders Familien und Kinder, sich <strong>am 28. Mai zwischen 16 und 19 Uhr am Bischof Faber Platz<\/strong> damit zu besch\u00e4ftigen.<\/p>\n<p>Bei einem Bienenr\u00e4tsel (gesondert f\u00fcr Kinder und Erwachsene) mit Preisverleihung zu jeder vollen Stunde, beim selbst Erzeugen eines Bienenwachstuches, beim Formen von Samenkugeln und Bedrucken eines T-Shirts (vorhanden sind nur Kindergr\u00f6\u00dfen, gerne kann man selbst ein T-Shirt mitbringen und solcherma\u00dfen aufwerten) k\u00f6nnen wir den Wert dieser besonderen Tiere entdecken und uns dann f\u00fcr deren (Weiter)bestand einsetzen. In unserer Sch\u00f6pfung sind wir alle voneinander abh\u00e4ngig und miteinander verbunden!<\/p>\n<p><span style=\"color: #3366ff;\"><em>Hemma Gamillscheg<\/em><\/span><\/p>\n","protected":false},"excerpt":{"rendered":"<p>&#8222;Sterben die Bienen, sterben 4 Jahre sp\u00e4ter die Menschen!&#8220; stellte einst Albert Einstein fest. Herzliche Einladung an alle, besonders Familien und Kinder, sich am 28. Mai zwischen 16 und 19 Uhr am Bischof Faber Platz damit zu besch\u00e4ftigen. Bei einem Bienenr\u00e4tsel (gesondert f\u00fcr Kinder und Erwachsene) mit Preisverleihung zu jeder vollen Stunde, beim selbst Erzeugen [&hellip;]<\/p>\n","protected":false},"author":2,"featured_media":0,"comment_status":"closed","ping_status":"closed","sticky":false,"template":"","format":"standard","meta":{"ngg_post_thumbnail":0,"footnotes":""},"categories":[7],"tags":[],"class_list":{"0":"post-9255","1":"post","2":"type-post","3":"status-publish","4":"format-standard","6":"category-archiv"},"publishpress_future_action":{"enabled":false,"date":"2026-05-08 09:21:30","action":"category","newStatus":"draft","terms":[],"taxonomy":"category","extraData":[]},"publishpress_future_workflow_manual_trigger":{"enabledWorkflows":[]},"_links":{"self":[{"href":"https:\/\/www.pfarregersthof.at\/komm\/wp-json\/wp\/v2\/posts\/9255","targetHints":{"allow":["GET"]}}],"collection":[{"href":"https:\/\/www.pfarregersthof.at\/komm\/wp-json\/wp\/v2\/posts"}],"about":[{"href":"https:\/\/www.pfarregersthof.at\/komm\/wp-json\/wp\/v2\/types\/post"}],"author":[{"embeddable":true,"href":"https:\/\/www.pfarregersthof.at\/komm\/wp-json\/wp\/v2\/users\/2"}],"replies":[{"embeddable":true,"href":"https:\/\/www.pfarregersthof.at\/komm\/wp-json\/wp\/v2\/comments?post=9255"}],"version-history":[{"count":1,"href":"https:\/\/www.pfarregersthof.at\/komm\/wp-json\/wp\/v2\/posts\/9255\/revisions"}],"predecessor-version":[{"id":9256,"href":"https:\/\/www.pfarregersthof.at\/komm\/wp-json\/wp\/v2\/posts\/9255\/revisions\/9256"}],"wp:attachment":[{"href":"https:\/\/www.pfarregersthof.at\/komm\/wp-json\/wp\/v2\/media?parent=9255"}],"wp:term":[{"taxonomy":"category","embeddable":true,"href":"https:\/\/www.pfarregersthof.at\/komm\/wp-json\/wp\/v2\/categories?post=9255"},{"taxonomy":"post_tag","embeddable":true,"href":"https:\/\/www.pfarregersthof.at\/komm\/wp-json\/wp\/v2\/tags?post=9255"}],"curies":[{"name":"wp","href":"https:\/\/api.w.org\/{rel}","templated":true}]}}