{"id":9257,"date":"2021-05-19T10:22:19","date_gmt":"2021-05-19T09:22:19","guid":{"rendered":"https:\/\/www.pfarregersthof.at\/komm\/?p=9257"},"modified":"2021-05-28T23:07:03","modified_gmt":"2021-05-28T22:07:03","slug":"lange-nacht-der-kirchen-in-gersthof-28-5","status":"publish","type":"post","link":"https:\/\/www.pfarregersthof.at\/komm\/2021\/05\/lange-nacht-der-kirchen-in-gersthof-28-5\/","title":{"rendered":"Lange Nacht der Kirchen in Gersthof (28.5.)"},"content":{"rendered":"\n<p><a href=\"https:\/\/www.pfarregersthof.at\/komm\/wp-content\/uploads\/2021\/05\/lange-nacht-kirchen-2021a.png\"><img loading=\"lazy\" decoding=\"async\" class=\"aligncenter size-full wp-image-9258\" src=\"https:\/\/www.pfarregersthof.at\/komm\/wp-content\/uploads\/2021\/05\/lange-nacht-kirchen-2021a.png\" alt=\"\" width=\"288\" height=\"187\" srcset=\"https:\/\/www.pfarregersthof.at\/komm\/wp-content\/uploads\/2021\/05\/lange-nacht-kirchen-2021a.png 288w, https:\/\/www.pfarregersthof.at\/komm\/wp-content\/uploads\/2021\/05\/lange-nacht-kirchen-2021a-150x97.png 150w\" sizes=\"auto, (max-width: 288px) 100vw, 288px\" \/><\/a><\/p>\n<p>Liebe Pfarrmitglieder und Besucher unserer Kirche!<\/p>\n<p>Letztes Jahr musste die Lange Nacht Corona-Virus-bedingt landesweit abgesagt werden, doch dieses Jahr, <strong>am Freitag, dem 28. Mai 2021,<\/strong> soll sie wieder stattfinden, auch in Gersthof. Nat\u00fcrlich werden wir uns an die durch das Corona-Virus entstandenen Umst\u00e4nde anpassen. Dennoch gilt es, nach mehreren Lockdowns, wieder ein starkes Lebenszeichen f\u00fcr unsere Kirche zu setzen.<\/p>\n<p>Gleich zwei Veranstaltungen stehen am Nachmittag und abends auf dem Programm.<\/p>\n<p>Hemma Gamillscheg startet <strong>um 16.00 Uhr mit einem Bienenr\u00e4tsel<\/strong>. Bienen erzeugen Honig und tragen zum Erhalt unseres \u00f6kologischen Systems bei. Grund genug, sich einmal etwas n\u00e4her mit diesem \u00fcberaus n\u00fctzlichen Insekt zu besch\u00e4ftigen. Kinder und Erwachsene k\u00f6nnen sich an dem R\u00e4tselspiel mit drei Kreativstationen beteiligen und noch dazu Preise gewinnen. Diese Veranstaltung findet vor der Kirche im Freien statt. Bei Schlechtwetter ist eine Absage m\u00f6glich. Mehr Informationen zum Bienenr\u00e4tsel telefonisch: 0676 415 76 84.<\/p>\n<p>Endlich wieder Musik genie\u00dfen! <strong>Am Abend, um 20 Uhr, gibt es in der Pfarrkirche ein Konzert<\/strong> mit gro\u00dfartiger Besetzung. Der aus zahlreichen Opernrollen international bekannte Bariton Morten FRANK LARSEN und seine Gattin, die Sopranistin Lone RASMUSSEN, werden u. a. Lieder von Hugo WOLF singen. Auch die Geige (Sophia Hahn) und die Orgel (Thomas Reuter) werden erklingen. (Programm auf der R\u00fcckseite).<\/p>\n<p>Erfreulicherweise gelten seit 19. Mai gelockerte Corona-Virus-Sicherheitsregeln. <strong>F\u00fcr kulturelle Veranstaltungen m\u00fcssen ein Sicherheitsabstand von 2 Metern, Registrierung, FFP2- Maske und Nachweis einer Genesung, Testung oder Impfung eingehalten werden. F\u00fcr bereits geimpfte Personen gilt die Eintragung im Impfpass als Nachweis.<\/strong> Die Besucherzahl in der Kirche ist begrenzt. <br>Platzreservierungen k\u00f6nnen im <a href=\"\/komm\/pfarre-von-a-z\/information\/kontakt-aufnehmen\/#pfarrsek\">Pfarrsekretariat<\/a>, oder per Email an <a href=\"mailto:office@pfarregersthof.at\">office@pfarregersthof.at<\/a> oder telefonisch 01 479 22 92 vorgenommen werden.<\/p>\n<p>Leider kann die nach dem Konzert geplante Agape aus Corona-Virus-Gr\u00fcnden nicht stattfinden. Weitere Informationen zu m\u00f6glichen \u00c4nderungen sind auf der Webseite der Pfarre abrufbar.<\/p>\n<p>Pfarrer Arkadiusz und die am guten Gelingen der Veranstaltungen Mitwirkenden freuen sich \u00fcber Ihren Besuch. Der Eintritt ist frei. Spenden sind willkommen.<\/p>\n<p>Bleiben Sie gesund!<br><span style=\"color: #3366ff;\"><em>Paul Provaznik und Hemma Gamillscheg<\/em><\/span><\/p>\n<h3>Programm des Konzerts um 20 Uhr<\/h3>\n<p>Herbert ZAGLER (geb. 1940):<br>Pfingsten, op. 26\/5 (Orgel solo)<br>Ave Maria, op. 307 (Sopran und Orgel)<br>Pastorale, op. 303 (Violine und Orgel)<\/p>\n<p>Walther NUSSGRUBER (1919 \u2013 2012)<br>Zwei Choralvorspiele (Orgel solo):<br>I\/7 Gott des Himmels und der Erden<br>I\/18 Lobe den Herren<\/p>\n<p>Thomas REUTER (geb. 1955)<br>Carpe Diem (Bariton und Orgel)<\/p>\n<p>Georg Friedrich H\u00c4NDEL (1685 &#8211; 1759)<br>Sonate A-Dur, op. I\/3 (Violine und Orgel)<br>Andante \u2013 Allegro \u2013 Largo \u2013 Allegro<\/p>\n<p>Hugo WOLF (1860 &#8211; 1903)<br>Zwei Ges\u00e4nge aus dem Spanischen Liederbuch:<br>\u201eAch, des Knaben Augen\u201c<br>\u201eWunden tr\u00e4gst du\u201c<\/p>\n<p>Antonin DVORAK (1841 \u2013 1904)<br>Praeludium und Fuge D-Dur (Orgel solo)<\/p>\n<p>Hugo WOLF <br>Zwei Ges\u00e4nge aus dem Spanischen Liederbuch:<br>\u201eAch, wie lang die Seele schlummert\u201c<br>\u201eHerr, was tr\u00e4gt der Boden hier\u201c<\/p>\n<p>Herbert ZAGLER <br>Toccata, op. 273 (Orgel solo)<\/p>\n<p>Ausf\u00fchrende K\u00fcnstlerinnen und K\u00fcnstler<br>Lone RASMUSSEN \/ Sopran <br>Sophia HAHN \/ Violine<br>Morten FRANK LARSEN \/ Bariton <br>Thomas REUTER \/ Orgel<\/p>\n<p>Leitung: Thomas REUTER<\/p>\n","protected":false},"excerpt":{"rendered":"<p>Liebe Pfarrmitglieder und Besucher unserer Kirche! Letztes Jahr musste die Lange Nacht Corona-Virus-bedingt landesweit abgesagt werden, doch dieses Jahr, am Freitag, dem 28. Mai 2021, soll sie wieder stattfinden, auch in Gersthof. Nat\u00fcrlich werden wir uns an die durch das Corona-Virus entstandenen Umst\u00e4nde anpassen. Dennoch gilt es, nach mehreren Lockdowns, wieder ein starkes Lebenszeichen f\u00fcr [&hellip;]<\/p>\n","protected":false},"author":2,"featured_media":9258,"comment_status":"closed","ping_status":"closed","sticky":false,"template":"","format":"standard","meta":{"ngg_post_thumbnail":0,"footnotes":""},"categories":[7],"tags":[],"class_list":{"0":"post-9257","1":"post","2":"type-post","3":"status-publish","4":"format-standard","5":"has-post-thumbnail","7":"category-archiv"},"publishpress_future_action":{"enabled":false,"date":"2026-05-08 09:21:09","action":"category","newStatus":"draft","terms":[],"taxonomy":"category","extraData":[]},"publishpress_future_workflow_manual_trigger":{"enabledWorkflows":[]},"_links":{"self":[{"href":"https:\/\/www.pfarregersthof.at\/komm\/wp-json\/wp\/v2\/posts\/9257","targetHints":{"allow":["GET"]}}],"collection":[{"href":"https:\/\/www.pfarregersthof.at\/komm\/wp-json\/wp\/v2\/posts"}],"about":[{"href":"https:\/\/www.pfarregersthof.at\/komm\/wp-json\/wp\/v2\/types\/post"}],"author":[{"embeddable":true,"href":"https:\/\/www.pfarregersthof.at\/komm\/wp-json\/wp\/v2\/users\/2"}],"replies":[{"embeddable":true,"href":"https:\/\/www.pfarregersthof.at\/komm\/wp-json\/wp\/v2\/comments?post=9257"}],"version-history":[{"count":1,"href":"https:\/\/www.pfarregersthof.at\/komm\/wp-json\/wp\/v2\/posts\/9257\/revisions"}],"predecessor-version":[{"id":9259,"href":"https:\/\/www.pfarregersthof.at\/komm\/wp-json\/wp\/v2\/posts\/9257\/revisions\/9259"}],"wp:featuredmedia":[{"embeddable":true,"href":"https:\/\/www.pfarregersthof.at\/komm\/wp-json\/wp\/v2\/media\/9258"}],"wp:attachment":[{"href":"https:\/\/www.pfarregersthof.at\/komm\/wp-json\/wp\/v2\/media?parent=9257"}],"wp:term":[{"taxonomy":"category","embeddable":true,"href":"https:\/\/www.pfarregersthof.at\/komm\/wp-json\/wp\/v2\/categories?post=9257"},{"taxonomy":"post_tag","embeddable":true,"href":"https:\/\/www.pfarregersthof.at\/komm\/wp-json\/wp\/v2\/tags?post=9257"}],"curies":[{"name":"wp","href":"https:\/\/api.w.org\/{rel}","templated":true}]}}