{"id":9292,"date":"2021-05-24T13:03:22","date_gmt":"2021-05-24T12:03:22","guid":{"rendered":"https:\/\/www.pfarregersthof.at\/komm\/?p=9292"},"modified":"2021-06-05T14:03:38","modified_gmt":"2021-06-05T13:03:38","slug":"geistliches-konzert-orthodoxie-30-5","status":"publish","type":"post","link":"https:\/\/www.pfarregersthof.at\/komm\/2021\/05\/geistliches-konzert-orthodoxie-30-5\/","title":{"rendered":"Geistliches Konzert &#8211; &#8222;Orthodoxie&#8220; (30.5.)"},"content":{"rendered":"\n<p>Geistliches Konzert des M\u00e4nnersolistenensembles \u201eOrthodoxie\u201c <strong>am Sonntag, 30.5., um 14.00 in der Pfarrkirche.<\/strong><\/p>\n<p>Das Ensemble besteht aus 8 ausgebildeten S\u00e4ngern aus 5 Nationen (Bulgarien, Russland, Ungarn, Serbien und Kanada), die in Wien leben und professionell t\u00e4tig sind, ihre Auff\u00fchrungen sind eine herzliche Einladung, orthodoxen Kl\u00e4nge zu h\u00f6ren und zu genie\u00dfen.<\/p>\n<p>Anmeldung\/Platzreservierung <strong>erforderlich<\/strong> unter <a href=\"mailto:lilaschwan@gmail.com\">lilaschwan@gmail.com<\/a><br><br>Eintritt frei, Covid-19 &#8211; Zutrittstest notwendig!<br><span style=\"color: #3366ff;\"><em>Kulturverein \u2013 \u201eLila Schwan\u201c<\/em><\/span><\/p>\n","protected":false},"excerpt":{"rendered":"<p>Geistliches Konzert des M\u00e4nnersolistenensembles \u201eOrthodoxie\u201c am Sonntag, 30.5., um 14.00 in der Pfarrkirche. Das Ensemble besteht aus 8 ausgebildeten S\u00e4ngern aus 5 Nationen (Bulgarien, Russland, Ungarn, Serbien und Kanada), die in Wien leben und professionell t\u00e4tig sind, ihre Auff\u00fchrungen sind eine herzliche Einladung, orthodoxen Kl\u00e4nge zu h\u00f6ren und zu genie\u00dfen. Anmeldung\/Platzreservierung erforderlich unter lilaschwan@gmail.com Eintritt [&hellip;]<\/p>\n","protected":false},"author":2,"featured_media":0,"comment_status":"closed","ping_status":"closed","sticky":false,"template":"","format":"standard","meta":{"ngg_post_thumbnail":0,"footnotes":""},"categories":[7],"tags":[],"class_list":{"0":"post-9292","1":"post","2":"type-post","3":"status-publish","4":"format-standard","6":"category-archiv"},"publishpress_future_action":{"enabled":false,"date":"2026-05-08 09:21:58","action":"category","newStatus":"draft","terms":[],"taxonomy":"category","extraData":[]},"publishpress_future_workflow_manual_trigger":{"enabledWorkflows":[]},"_links":{"self":[{"href":"https:\/\/www.pfarregersthof.at\/komm\/wp-json\/wp\/v2\/posts\/9292","targetHints":{"allow":["GET"]}}],"collection":[{"href":"https:\/\/www.pfarregersthof.at\/komm\/wp-json\/wp\/v2\/posts"}],"about":[{"href":"https:\/\/www.pfarregersthof.at\/komm\/wp-json\/wp\/v2\/types\/post"}],"author":[{"embeddable":true,"href":"https:\/\/www.pfarregersthof.at\/komm\/wp-json\/wp\/v2\/users\/2"}],"replies":[{"embeddable":true,"href":"https:\/\/www.pfarregersthof.at\/komm\/wp-json\/wp\/v2\/comments?post=9292"}],"version-history":[{"count":1,"href":"https:\/\/www.pfarregersthof.at\/komm\/wp-json\/wp\/v2\/posts\/9292\/revisions"}],"predecessor-version":[{"id":9293,"href":"https:\/\/www.pfarregersthof.at\/komm\/wp-json\/wp\/v2\/posts\/9292\/revisions\/9293"}],"wp:attachment":[{"href":"https:\/\/www.pfarregersthof.at\/komm\/wp-json\/wp\/v2\/media?parent=9292"}],"wp:term":[{"taxonomy":"category","embeddable":true,"href":"https:\/\/www.pfarregersthof.at\/komm\/wp-json\/wp\/v2\/categories?post=9292"},{"taxonomy":"post_tag","embeddable":true,"href":"https:\/\/www.pfarregersthof.at\/komm\/wp-json\/wp\/v2\/tags?post=9292"}],"curies":[{"name":"wp","href":"https:\/\/api.w.org\/{rel}","templated":true}]}}