{"id":9295,"date":"2021-05-24T13:09:07","date_gmt":"2021-05-24T12:09:07","guid":{"rendered":"https:\/\/www.pfarregersthof.at\/komm\/?p=9295"},"modified":"2021-05-24T13:09:08","modified_gmt":"2021-05-24T12:09:08","slug":"das-war-das-gebet-fuer-die-oekumene","status":"publish","type":"post","link":"https:\/\/www.pfarregersthof.at\/komm\/2021\/05\/das-war-das-gebet-fuer-die-oekumene\/","title":{"rendered":"Das war das &#8222;Gebet f\u00fcr die \u00d6kumene&#8220;"},"content":{"rendered":"\n<p>Am Dienstag, 18. 05.2021, fand mit einj\u00e4hriger Verz\u00f6gerung das \u201eGebet f\u00fcr die \u00d6kumene \u2013 mit Dank an Pfarrer i.R. Dr. Norbert Rodt\u201c statt. Es war eine w\u00fcrdige und stimmige Feier.<\/p>\n<p>Jahrelange Begleiterinnen und Begleiter, wie zum Beispiel Univ. Prof. i.R. Dr. Rudolf Prokschi, Pfarrerin Mag. Barbara Heyse-Schaefer, Bischof Dr. Heinz Lederleitner von der altkatholischen Kirche, Dechant Arkadiusz Zakreta aus der r\u00f6m.kath. Kirche, das konfessionsverbindende Ehepaar Lutter und viele mehr nahmen daran teil. Mit Gesang (Rudi Eibl) und Gitarre (Gregor Viilukas) wurde die Feier versch\u00f6nert. Ein herzliches Dankesch\u00f6n an alle, die zum Gelingen der Feier mitgeholfen haben.<\/p>\n<p>Ein gro\u00dfes Danke f\u00fcr die Spenden von 236,50 Euro f\u00fcr das Spendenprojekt 2021 des \u00d6kumenischen Rates der Kirchen in \u00d6sterreich f\u00fcr behinderte Menschen in Syrien. \u00dcbrigens, wer noch ein sehr sch\u00f6n gestaltetes Begleitheft (Maria Viilukas) haben m\u00f6chte, kann es im <a href=\"\/komm\/pfarre-von-a-z\/information\/kontakt-aufnehmen\/#pfarrsek\">Pfarrsekretariat<\/a> &#8211; wenn es ge\u00f6ffnet ist &#8211;&nbsp; erwerben.<\/p>\n<p>\u201e\u00d6kumene muss gelebt werden\u201c formulierte es einmal Hermann Lanm\u00fcller \u2013 in diesem Sinne bittet, den \u00f6kumenischen Weg auch in Zukunft miteinander zu gehen<br><span style=\"color: #3366ff;\"><em>Dr. Heinrich Bica<\/em><\/span><\/p>\n","protected":false},"excerpt":{"rendered":"<p>Am Dienstag, 18. 05.2021, fand mit einj\u00e4hriger Verz\u00f6gerung das \u201eGebet f\u00fcr die \u00d6kumene \u2013 mit Dank an Pfarrer i.R. Dr. Norbert Rodt\u201c statt. Es war eine w\u00fcrdige und stimmige Feier. Jahrelange Begleiterinnen und Begleiter, wie zum Beispiel Univ. Prof. i.R. Dr. Rudolf Prokschi, Pfarrerin Mag. Barbara Heyse-Schaefer, Bischof Dr. Heinz Lederleitner von der altkatholischen Kirche, [&hellip;]<\/p>\n","protected":false},"author":2,"featured_media":0,"comment_status":"closed","ping_status":"closed","sticky":false,"template":"","format":"standard","meta":{"ngg_post_thumbnail":0,"footnotes":""},"categories":[5],"tags":[],"class_list":{"0":"post-9295","1":"post","2":"type-post","3":"status-publish","4":"format-standard","6":"category-was-gewesen-ist"},"publishpress_future_action":{"enabled":false,"date":"2026-05-08 08:18:45","action":"category","newStatus":"draft","terms":[],"taxonomy":"category","extraData":[]},"publishpress_future_workflow_manual_trigger":{"enabledWorkflows":[]},"_links":{"self":[{"href":"https:\/\/www.pfarregersthof.at\/komm\/wp-json\/wp\/v2\/posts\/9295","targetHints":{"allow":["GET"]}}],"collection":[{"href":"https:\/\/www.pfarregersthof.at\/komm\/wp-json\/wp\/v2\/posts"}],"about":[{"href":"https:\/\/www.pfarregersthof.at\/komm\/wp-json\/wp\/v2\/types\/post"}],"author":[{"embeddable":true,"href":"https:\/\/www.pfarregersthof.at\/komm\/wp-json\/wp\/v2\/users\/2"}],"replies":[{"embeddable":true,"href":"https:\/\/www.pfarregersthof.at\/komm\/wp-json\/wp\/v2\/comments?post=9295"}],"version-history":[{"count":1,"href":"https:\/\/www.pfarregersthof.at\/komm\/wp-json\/wp\/v2\/posts\/9295\/revisions"}],"predecessor-version":[{"id":9296,"href":"https:\/\/www.pfarregersthof.at\/komm\/wp-json\/wp\/v2\/posts\/9295\/revisions\/9296"}],"wp:attachment":[{"href":"https:\/\/www.pfarregersthof.at\/komm\/wp-json\/wp\/v2\/media?parent=9295"}],"wp:term":[{"taxonomy":"category","embeddable":true,"href":"https:\/\/www.pfarregersthof.at\/komm\/wp-json\/wp\/v2\/categories?post=9295"},{"taxonomy":"post_tag","embeddable":true,"href":"https:\/\/www.pfarregersthof.at\/komm\/wp-json\/wp\/v2\/tags?post=9295"}],"curies":[{"name":"wp","href":"https:\/\/api.w.org\/{rel}","templated":true}]}}