{"id":9305,"date":"2021-05-24T14:25:11","date_gmt":"2021-05-24T13:25:11","guid":{"rendered":"https:\/\/www.pfarregersthof.at\/komm\/?p=9305"},"modified":"2021-06-24T13:43:46","modified_gmt":"2021-06-24T12:43:46","slug":"wieviel-covid-19-lockerungen-jetzt","status":"publish","type":"post","link":"https:\/\/www.pfarregersthof.at\/komm\/2021\/05\/wieviel-covid-19-lockerungen-jetzt\/","title":{"rendered":"Wieviel Covid-19-Lockerungen jetzt? (Stand 28.5.)"},"content":{"rendered":"\n<p>Liebe Christinnen und Christen in unserer Pfarrgemeinde,<\/p>\n<p>am 19.5.2021 wurden viele einschr\u00e4nkende Regelungen zur Bek\u00e4mpfung des Covid-19 Virus in \u00d6sterreich gelockert. Besonders die M\u00f6glichkeiten, wieder Essen gehen und an Veranstaltungen teilnehmen zu k\u00f6nnen, werden als Lockerung willkommen gehei\u00dfen.<\/p>\n<p>Welche Lockerungen gibt es jetzt f\u00fcr eine Pfarrgemeinde? Vor allem ist es die M\u00f6glichkeit, bei <strong>Veranstaltungen au\u00dferhalb von Gottesdiensten, wieder einander pers\u00f6nlich zu begegnen<\/strong>.<\/p>\n<p>Mit Stand vom 28. Mai 2021 &#8230;<\/p>\n<h3>F\u00fcr andere Veranstaltungen als Gottesdienste &#8230;<\/h3>\n<p>&#8230; gelten folgende Covid-19-bedingte Regelungen:<\/p>\n<ul>\n<li>Bei Veranstaltungen in geschlossenen R\u00e4umen (z.B. Gemeindezentrum) oder auch im Freien bei mehr als 10 Teilnehmer*innen &#8230;\n<ul>\n<li>muss eine FFP2 Maske getragen werden<\/li>\n<li>muss ein Mindestabstand von 2 Metern voneinander eingehalten werden.<\/li>\n<\/ul>\n<\/li>\n<li><strong>Zur Teilnahme an einer solchen Veranstaltung muss ein Nachweis zum &#8222;Getestet &#8211; Geimpft &#8211; Genesen (3G)&#8220;-Status mitgebracht werden<\/strong> &#8211; ausgenommen sind Kinder unter 10 Jahren\/Volksschulkinder:\n<ul>\n<li><span style=\"color: #008000;\"><strong>&#8222;Getestet&#8220;:<\/strong><\/span>&nbsp;eine <strong>nachgewiesene &#8222;Coronavirus Testung&#8220;<\/strong>\n<ul>\n<li>PCR-Tests (z.B. \u201cWien gurgelt\u201d) die 72 Stunden g\u00fcltig sind<\/li>\n<li>Antigen-Tests (aus Apotheke, Teststra\u00dfe, Arzt) 48 Stunden die g\u00fcltig sind. Hierzu z\u00e4hlen auch Schultests, sobald die Dokumentation m\u00f6glich ist (\u201cCovid-Ninja\u201d).<\/li>\n<li>Antigentest zur eigenen Anwendung, der in einem beh\u00f6rdlichen Datenerfassungssystem erfasst wird (Gelten 24 Stunden). (F\u00fcr Wien werden dazu derzeit die Details festgelegt.)<\/li>\n<\/ul>\n<\/li>\n<li><span style=\"color: #008000;\"><strong>&#8222;Geimpft&#8220;<\/strong><\/span>: eine <strong>nachgewiesene Impfung<\/strong>\n<ul>\n<li>Wenn es nur eine erste Impfung gibt: dann darf diese mindestens 22 Tage, h\u00f6chstens 3 Monate zur\u00fcckliegen<\/li>\n<li>Wenn es auch eine Zweitimpfung gibt: dann darf die Erstimpfung h\u00f6chstens 9 Monate zur\u00fcckliegen<\/li>\n<li>Bei Impfstoffen mit nur einer einzigen Dosis: die Impfung darf mindestens 22 Tage, h\u00f6chstens 9 Monate zur\u00fcckliegen<\/li>\n<li>F\u00fcr sonstige Arten der Impfung bestehen spezielle Regelungen.<\/li>\n<\/ul>\n<\/li>\n<li><span style=\"color: #008000;\"><strong>&#8222;Genesen&#8220;<\/strong><\/span>: eine <strong>nachgewiesene Genesung nach einer Covid-19 Erkrankung<\/strong>\n<ul>\n<li>Eine \u00e4rztliche Best\u00e4tigung \u00fcber eine \u00fcberstandene Infektion darf h\u00f6chstens 6 Monate zur\u00fcckliegen<\/li>\n<li>Eine Best\u00e4tigung \u00fcber Antik\u00f6rper darf h\u00f6chstens 3 Monate zur\u00fcckliegen<\/li>\n<li>Eine beh\u00f6rdliche Best\u00e4tigung (Absonderungsbescheid) f\u00fcr eine nachweislich erkrankte Person darf h\u00f6chstens 6 Monate zur\u00fcckliegen.<\/li>\n<\/ul>\n<\/li>\n<\/ul>\n<\/li>\n<li>Weiters m\u00fcssen von allen Teilnehmerinnen und Teilnehmern einer Veranstaltung <strong>Kontaktdaten aufgenommen werden<\/strong> &#8211; wie das genau getan wird h\u00e4ngt von der Art der Veranstaltung ab und die pfarrlichen Leiterinnen und Leiter der Veranstaltung wissen dar\u00fcber Bescheid.<\/li>\n<\/ul>\n<p>Einfach gesagt: An einer Veranstaltung teilnehmen ist m\u00f6glich, man muss dabei jedoch einiges beachten.<\/p>\n<p>Folgende Arten von Veranstaltung k\u00f6nnen gehalten werden &#8211; mit etwas unterschiedlichen Regelungen:<\/p>\n<ul>\n<li>&#8222;Kleine&#8220; pfarrliche Veranstaltungen mit erwachsenen Personen: in geschlossenen R\u00e4umen bis max. 4 Personen, im Freien max. 10 Personen. Es kann aber auch Veranstaltungen bis max. 50 Personen geben (die m\u00fcssen jedoch an die Bezirksverwaltung gemeldet sein) unter ganz speziellen Regelungen auch von mehr als 50 Personen.<\/li>\n<li>Kinder- und Jugendveranstaltungen: bis max. 20 Kinder\/Jugendliche und max. 4 Betreuer*innen.<\/li>\n<li>&#8222;Gro\u00dfe&#8220; Veranstaltungen mit Konsumation wie Pfarrcafe, Agape oder Pfarrfest: daf\u00fcr gibt es spezielle Regeln die bei der Information \u00fcber die Veranstaltung mitgeteilt werden.<\/li>\n<\/ul>\n<h3>F\u00fcr die Teilnahme an Gottesdiensten &#8230;<\/h3>\n<p>&#8230; sind die Regelungen weitgehend dieselben wie im April und Anfang Mai 2021.<\/p>\n<p><strong>In der Pfarrkirche bitte dies beachten:<\/strong><\/p>\n<ul>\n<li><strong>Der Mund-Nasenschutz ist vom Hineingehen bis zum Herauskommen, also w\u00e4hrend der ganzen Feier, zu tragen &#8211; <span style=\"color: #800000;\">es MUSS eine FFP2-Maske sein!<\/span><\/strong><\/li>\n<li><strong>Auf jeden Fall ist im Kirchenraum <\/strong><strong>der Mindestabstand von<span style=\"color: #800000;\">&nbsp;2 Metern<\/span><\/strong>&nbsp;zu nicht im gemeinsamen Haushalt lebenden Personen&nbsp;<strong>einzuhalten<\/strong>&nbsp;(au\u00dfer beim Empfang von Sakramenten).<\/li>\n<li>Die&nbsp;Einbahnregelung im Kirchenraum&nbsp;beachten: seitlich nach vorne, in der Mitte nach hinten.<br>Dies gilt auch bei der Kommunion.&nbsp;F\u00fcr mobilit\u00e4tseingeschr\u00e4nkte Personen wird die Kommunion zum Sitzplatz gebracht.<\/li>\n<li>Im Eingangsbereich gibt es die M\u00f6glichkeit, die H\u00e4nde mithilfe der kleinen Spender in Wei\u00df zu desinfizieren.<\/li>\n<li><strong>Bitte nur auf mit Nummern gekennzeichnete Pl\u00e4tze setzen.<\/strong>&nbsp;Auf jedem Platz entweder eine Einzelperson oder Personen aus dem gleichen Haushalt.<\/li>\n<li>Um diesen Abstand auch nach vorne und hinten einzuhalten, wird jetzt jede zweite Bankreihe gesperrt.<\/li>\n<li>In der Kirche liegen beim Eingang&nbsp;<strong>Kontaktformulare<\/strong>&nbsp;auf.<br>F\u00fcllt einen mit der Nummer des benutzten Platzes, Datum\/Uhrzeit der Feier, eurem Namen und eurer Telefonnummer bzw. Mailadresse aus.<br><strong>Bitte werft dieses Kontaktformular am Ende der Feier in eine Schachtel beim Ausgang<\/strong>. Im Fall einer Infektion oder eines Verdachtsfalles k\u00f6nnen so Kontaktpersonen rasch kontaktiert werden. (Diese Formulare werden 4 Wochen nach einem Gottesdienst vernichtet.)<\/li>\n<li>Der Gesang durch die mitfeiernde Gemeinde ist jetzt wieder m\u00f6glich.<\/li>\n<li>Statt des Absammelns von Spenden w\u00e4hrend der Gabenbereitung <strong>stehen am Ausgang des Kirchenraums zwei K\u00f6rbchen f\u00fcr Ihre Spenden bereit<\/strong>.<br>Bitte beim schon beim Eintreten oder auch beim Verlassen verwenden, danke.<\/li>\n<\/ul>\n<p>Wer alle diese Regelungen im Detail nachlesen will, kann dies auf der <a href=\"https:\/\/www.erzdioezese-wien.at\/pages\/inst\/14428131\/gemeindeentwicklung\/themenjahre\/corona\/article\/83044.html\" target=\"_blank\" rel=\"noopener\">Coronavirus-Seite der Erzdi\u00f6zese Wien<\/a> tun.<\/p>\n<p>Wenn&#8217;s auch nach wie vor einige Regelungen gibt, freuen wir uns dar\u00fcber, jetzt wieder etwas mehr direkt miteinander in Kontakt kommen zu k\u00f6nnen.<br>Viel Freude dabei w\u00fcnschen<br>als Webredakteur <span style=\"color: #3366ff;\"><em>Michael Steidl <\/em><\/span>und <span style=\"color: #3366ff;\"><em>Wolfgang Twaroch<\/em><\/span> f\u00fcr das Covid-Team<\/p>\n","protected":false},"excerpt":{"rendered":"<p>Liebe Christinnen und Christen in unserer Pfarrgemeinde, am 19.5.2021 wurden viele einschr\u00e4nkende Regelungen zur Bek\u00e4mpfung des Covid-19 Virus in \u00d6sterreich gelockert. Besonders die M\u00f6glichkeiten, wieder Essen gehen und an Veranstaltungen teilnehmen zu k\u00f6nnen, werden als Lockerung willkommen gehei\u00dfen. Welche Lockerungen gibt es jetzt f\u00fcr eine Pfarrgemeinde? Vor allem ist es die M\u00f6glichkeit, bei Veranstaltungen au\u00dferhalb [&hellip;]<\/p>\n","protected":false},"author":2,"featured_media":0,"comment_status":"closed","ping_status":"closed","sticky":false,"template":"","format":"standard","meta":{"ngg_post_thumbnail":0,"footnotes":""},"categories":[7],"tags":[],"class_list":{"0":"post-9305","1":"post","2":"type-post","3":"status-publish","4":"format-standard","6":"category-archiv"},"publishpress_future_action":{"enabled":false,"date":"2026-05-08 08:15:26","action":"category","newStatus":"draft","terms":[],"taxonomy":"category","extraData":[]},"publishpress_future_workflow_manual_trigger":{"enabledWorkflows":[]},"_links":{"self":[{"href":"https:\/\/www.pfarregersthof.at\/komm\/wp-json\/wp\/v2\/posts\/9305","targetHints":{"allow":["GET"]}}],"collection":[{"href":"https:\/\/www.pfarregersthof.at\/komm\/wp-json\/wp\/v2\/posts"}],"about":[{"href":"https:\/\/www.pfarregersthof.at\/komm\/wp-json\/wp\/v2\/types\/post"}],"author":[{"embeddable":true,"href":"https:\/\/www.pfarregersthof.at\/komm\/wp-json\/wp\/v2\/users\/2"}],"replies":[{"embeddable":true,"href":"https:\/\/www.pfarregersthof.at\/komm\/wp-json\/wp\/v2\/comments?post=9305"}],"version-history":[{"count":7,"href":"https:\/\/www.pfarregersthof.at\/komm\/wp-json\/wp\/v2\/posts\/9305\/revisions"}],"predecessor-version":[{"id":9349,"href":"https:\/\/www.pfarregersthof.at\/komm\/wp-json\/wp\/v2\/posts\/9305\/revisions\/9349"}],"wp:attachment":[{"href":"https:\/\/www.pfarregersthof.at\/komm\/wp-json\/wp\/v2\/media?parent=9305"}],"wp:term":[{"taxonomy":"category","embeddable":true,"href":"https:\/\/www.pfarregersthof.at\/komm\/wp-json\/wp\/v2\/categories?post=9305"},{"taxonomy":"post_tag","embeddable":true,"href":"https:\/\/www.pfarregersthof.at\/komm\/wp-json\/wp\/v2\/tags?post=9305"}],"curies":[{"name":"wp","href":"https:\/\/api.w.org\/{rel}","templated":true}]}}