{"id":9343,"date":"2021-05-28T14:57:56","date_gmt":"2021-05-28T13:57:56","guid":{"rendered":"https:\/\/www.pfarregersthof.at\/komm\/?p=9343"},"modified":"2021-06-03T12:55:17","modified_gmt":"2021-06-03T11:55:17","slug":"bluetenherzen-zu-fronleichnam-3-6","status":"publish","type":"post","link":"https:\/\/www.pfarregersthof.at\/komm\/2021\/05\/bluetenherzen-zu-fronleichnam-3-6\/","title":{"rendered":"Bl\u00fctenherzen zu Fronleichnam (3.6.)"},"content":{"rendered":"\n<p>Bl\u00fctenherzen zu Fronleichnam &#8211; am Fest eines Herzst\u00fccks unseres Glaubens<\/p>\n<p>Herzlich lade ich am Fronleichnamstag, 3. Juni 2021, im 9.30 Uhr-Gottesdienst alle Kinder ein, wieder Blumenbilder zu gestalten! Damit wir den n\u00f6tigen Abstand halten k\u00f6nnen, kann heuer jedes Kind sein eigenes Herz mit Bl\u00fcten seiner Wahl gestalten, das dann mit den anderen zu einem gro\u00dfen Herz zusammengef\u00fcgt wird.<\/p>\n<p>Bitte bringt Blumen und Bl\u00fctenbl\u00e4tter und div. Naturmaterialien mit! <br>Gemeinsam zeigen wir dann, dass jede und jeder herzlich eingeladen ist, Gottes herzliche Liebe zu sp\u00fcren!<br><span style=\"color: #3366ff;\"><em>Hemma Gamillscheg<\/em><\/span><\/p>\n","protected":false},"excerpt":{"rendered":"<p>Bl\u00fctenherzen zu Fronleichnam &#8211; am Fest eines Herzst\u00fccks unseres Glaubens Herzlich lade ich am Fronleichnamstag, 3. Juni 2021, im 9.30 Uhr-Gottesdienst alle Kinder ein, wieder Blumenbilder zu gestalten! Damit wir den n\u00f6tigen Abstand halten k\u00f6nnen, kann heuer jedes Kind sein eigenes Herz mit Bl\u00fcten seiner Wahl gestalten, das dann mit den anderen zu einem gro\u00dfen [&hellip;]<\/p>\n","protected":false},"author":2,"featured_media":0,"comment_status":"closed","ping_status":"closed","sticky":false,"template":"","format":"standard","meta":{"ngg_post_thumbnail":0,"footnotes":""},"categories":[7],"tags":[],"class_list":["post-9343","post","type-post","status-publish","format-standard","category-archiv"],"publishpress_future_action":{"enabled":false,"date":"2026-09-11 01:35:34","action":"category","newStatus":"draft","terms":[],"taxonomy":"category","extraData":[]},"publishpress_future_workflow_manual_trigger":{"enabledWorkflows":[]},"_links":{"self":[{"href":"https:\/\/www.pfarregersthof.at\/komm\/wp-json\/wp\/v2\/posts\/9343","targetHints":{"allow":["GET"]}}],"collection":[{"href":"https:\/\/www.pfarregersthof.at\/komm\/wp-json\/wp\/v2\/posts"}],"about":[{"href":"https:\/\/www.pfarregersthof.at\/komm\/wp-json\/wp\/v2\/types\/post"}],"author":[{"embeddable":true,"href":"https:\/\/www.pfarregersthof.at\/komm\/wp-json\/wp\/v2\/users\/2"}],"replies":[{"embeddable":true,"href":"https:\/\/www.pfarregersthof.at\/komm\/wp-json\/wp\/v2\/comments?post=9343"}],"version-history":[{"count":1,"href":"https:\/\/www.pfarregersthof.at\/komm\/wp-json\/wp\/v2\/posts\/9343\/revisions"}],"predecessor-version":[{"id":9344,"href":"https:\/\/www.pfarregersthof.at\/komm\/wp-json\/wp\/v2\/posts\/9343\/revisions\/9344"}],"wp:attachment":[{"href":"https:\/\/www.pfarregersthof.at\/komm\/wp-json\/wp\/v2\/media?parent=9343"}],"wp:term":[{"taxonomy":"category","embeddable":true,"href":"https:\/\/www.pfarregersthof.at\/komm\/wp-json\/wp\/v2\/categories?post=9343"},{"taxonomy":"post_tag","embeddable":true,"href":"https:\/\/www.pfarregersthof.at\/komm\/wp-json\/wp\/v2\/tags?post=9343"}],"curies":[{"name":"wp","href":"https:\/\/api.w.org\/{rel}","templated":true}]}}