{"id":9585,"date":"2021-07-11T16:02:34","date_gmt":"2021-07-11T15:02:34","guid":{"rendered":"https:\/\/www.pfarregersthof.at\/komm\/?p=9585"},"modified":"2021-07-25T15:55:34","modified_gmt":"2021-07-25T14:55:34","slug":"die-wiener-saengerknaben-in-gersthof","status":"publish","type":"post","link":"https:\/\/www.pfarregersthof.at\/komm\/2021\/07\/die-wiener-saengerknaben-in-gersthof\/","title":{"rendered":"Die Wiener S\u00e4ngerknaben in Gersthof"},"content":{"rendered":"\n<p>Am 28. Juni 2021 traten 26 junge K\u00fcnstler der Wiener S\u00e4ngerknaben in unserer Pfarrkirche auf und begeisterten die Besucher mit einem wunderbaren und unvergesslichen Abend. Es war ein fulminantes Konzert und \u2013 endlich wieder einmal &#8211; ein kulturelles&nbsp; Highlight f\u00fcr die rund 150 G\u00e4ste (die beh\u00f6rdlich zugelassene H\u00f6chstzahl).<\/p>\n<p>Nach der Begr\u00fc\u00dfung durch Pater Martin und Maria Kissich (f\u00fcr die Pfarrcaritas) boten die Wiener S\u00e4ngerknaben im Rahmen ihres Benefizkonzerts in sieben Wiener Kirchen ein vielseitiges Programm aus ihrem Repertoire.<\/p>\n<p>Am Ende gab es Standing Ovations der begeisterten Zuh\u00f6rerinnen und Zuh\u00f6rer.<\/p>\n<p>Maria Kissich in Begleitung ihrer Enkelin bedankte sich mit einem Blumengru\u00df beim Kapellmeister und den Verantwortlichen und bei den Wiener S\u00e4ngerknaben mit einem s\u00fc\u00dfen \u201egive away\u201c.<\/p>\n<p>Wir d\u00fcrfen uns auch f\u00fcr Ihre gro\u00dfz\u00fcgigen Spenden zugunsten der Coronahilfe der Caritas in der H\u00f6he von 1.500\u20ac herzlichst bedanken.<\/p>\n<p>Wir hoffen Ihnen\/Euch hat es auch gefallen, und vielleicht gelingt es uns wieder einmal so ein kulturelles Highlight zu engagieren.<\/p>\n<p><span style=\"color: #3366ff;\"><em>Pfarrer P. Arkadiusz Zakr\u0119ta und Maria Kissich<\/em><\/span><\/p>\n<p>&#8230; und hier ein paar Fotos von diesem tollen Ereignis:<\/p>\n<p><a href=\"https:\/\/www.pfarregersthof.at\/komm\/wp-content\/uploads\/2021\/07\/WSK-11-scaled.jpg\"><img loading=\"lazy\" decoding=\"async\" class=\"alignnone size-large wp-image-9587\" src=\"https:\/\/www.pfarregersthof.at\/komm\/wp-content\/uploads\/2021\/07\/WSK-11-800x530.jpg\" alt=\"\" width=\"696\" height=\"461\" srcset=\"https:\/\/www.pfarregersthof.at\/komm\/wp-content\/uploads\/2021\/07\/WSK-11-800x530.jpg 800w, https:\/\/www.pfarregersthof.at\/komm\/wp-content\/uploads\/2021\/07\/WSK-11-300x199.jpg 300w, https:\/\/www.pfarregersthof.at\/komm\/wp-content\/uploads\/2021\/07\/WSK-11-150x99.jpg 150w, https:\/\/www.pfarregersthof.at\/komm\/wp-content\/uploads\/2021\/07\/WSK-11-768x509.jpg 768w, https:\/\/www.pfarregersthof.at\/komm\/wp-content\/uploads\/2021\/07\/WSK-11-1536x1017.jpg 1536w, https:\/\/www.pfarregersthof.at\/komm\/wp-content\/uploads\/2021\/07\/WSK-11-2048x1356.jpg 2048w, https:\/\/www.pfarregersthof.at\/komm\/wp-content\/uploads\/2021\/07\/WSK-11-696x461.jpg 696w, https:\/\/www.pfarregersthof.at\/komm\/wp-content\/uploads\/2021\/07\/WSK-11-1068x707.jpg 1068w, https:\/\/www.pfarregersthof.at\/komm\/wp-content\/uploads\/2021\/07\/WSK-11-634x420.jpg 634w, https:\/\/www.pfarregersthof.at\/komm\/wp-content\/uploads\/2021\/07\/WSK-11-1920x1272.jpg 1920w\" sizes=\"auto, (max-width: 696px) 100vw, 696px\" \/><\/a><\/p>\n<p><a href=\"https:\/\/www.pfarregersthof.at\/komm\/wp-content\/uploads\/2021\/07\/WSK-15-scaled.jpg\"><img loading=\"lazy\" decoding=\"async\" class=\"alignnone size-large wp-image-9588\" src=\"https:\/\/www.pfarregersthof.at\/komm\/wp-content\/uploads\/2021\/07\/WSK-15-800x530.jpg\" alt=\"\" width=\"696\" height=\"461\" srcset=\"https:\/\/www.pfarregersthof.at\/komm\/wp-content\/uploads\/2021\/07\/WSK-15-800x530.jpg 800w, https:\/\/www.pfarregersthof.at\/komm\/wp-content\/uploads\/2021\/07\/WSK-15-300x199.jpg 300w, https:\/\/www.pfarregersthof.at\/komm\/wp-content\/uploads\/2021\/07\/WSK-15-150x99.jpg 150w, https:\/\/www.pfarregersthof.at\/komm\/wp-content\/uploads\/2021\/07\/WSK-15-768x509.jpg 768w, https:\/\/www.pfarregersthof.at\/komm\/wp-content\/uploads\/2021\/07\/WSK-15-1536x1017.jpg 1536w, https:\/\/www.pfarregersthof.at\/komm\/wp-content\/uploads\/2021\/07\/WSK-15-2048x1356.jpg 2048w, https:\/\/www.pfarregersthof.at\/komm\/wp-content\/uploads\/2021\/07\/WSK-15-696x461.jpg 696w, https:\/\/www.pfarregersthof.at\/komm\/wp-content\/uploads\/2021\/07\/WSK-15-1068x707.jpg 1068w, https:\/\/www.pfarregersthof.at\/komm\/wp-content\/uploads\/2021\/07\/WSK-15-634x420.jpg 634w, https:\/\/www.pfarregersthof.at\/komm\/wp-content\/uploads\/2021\/07\/WSK-15-1920x1272.jpg 1920w\" sizes=\"auto, (max-width: 696px) 100vw, 696px\" \/><\/a><\/p>\n<p><a href=\"https:\/\/www.pfarregersthof.at\/komm\/wp-content\/uploads\/2021\/07\/WSK-25-scaled.jpg\"><img loading=\"lazy\" decoding=\"async\" class=\"alignnone size-large wp-image-9589\" src=\"https:\/\/www.pfarregersthof.at\/komm\/wp-content\/uploads\/2021\/07\/WSK-25-800x530.jpg\" alt=\"\" width=\"696\" height=\"461\" srcset=\"https:\/\/www.pfarregersthof.at\/komm\/wp-content\/uploads\/2021\/07\/WSK-25-800x530.jpg 800w, https:\/\/www.pfarregersthof.at\/komm\/wp-content\/uploads\/2021\/07\/WSK-25-300x199.jpg 300w, https:\/\/www.pfarregersthof.at\/komm\/wp-content\/uploads\/2021\/07\/WSK-25-150x99.jpg 150w, https:\/\/www.pfarregersthof.at\/komm\/wp-content\/uploads\/2021\/07\/WSK-25-768x509.jpg 768w, https:\/\/www.pfarregersthof.at\/komm\/wp-content\/uploads\/2021\/07\/WSK-25-1536x1017.jpg 1536w, https:\/\/www.pfarregersthof.at\/komm\/wp-content\/uploads\/2021\/07\/WSK-25-2048x1356.jpg 2048w, https:\/\/www.pfarregersthof.at\/komm\/wp-content\/uploads\/2021\/07\/WSK-25-696x461.jpg 696w, https:\/\/www.pfarregersthof.at\/komm\/wp-content\/uploads\/2021\/07\/WSK-25-1068x707.jpg 1068w, https:\/\/www.pfarregersthof.at\/komm\/wp-content\/uploads\/2021\/07\/WSK-25-634x420.jpg 634w, https:\/\/www.pfarregersthof.at\/komm\/wp-content\/uploads\/2021\/07\/WSK-25-1920x1272.jpg 1920w\" sizes=\"auto, (max-width: 696px) 100vw, 696px\" \/><\/a><\/p>\n<p><a href=\"https:\/\/www.pfarregersthof.at\/komm\/wp-content\/uploads\/2021\/07\/WSK-59-scaled.jpg\"><img loading=\"lazy\" decoding=\"async\" class=\"alignnone size-large wp-image-9586\" src=\"https:\/\/www.pfarregersthof.at\/komm\/wp-content\/uploads\/2021\/07\/WSK-59-800x530.jpg\" alt=\"\" width=\"696\" height=\"461\" srcset=\"https:\/\/www.pfarregersthof.at\/komm\/wp-content\/uploads\/2021\/07\/WSK-59-800x530.jpg 800w, https:\/\/www.pfarregersthof.at\/komm\/wp-content\/uploads\/2021\/07\/WSK-59-300x199.jpg 300w, https:\/\/www.pfarregersthof.at\/komm\/wp-content\/uploads\/2021\/07\/WSK-59-150x99.jpg 150w, https:\/\/www.pfarregersthof.at\/komm\/wp-content\/uploads\/2021\/07\/WSK-59-768x509.jpg 768w, https:\/\/www.pfarregersthof.at\/komm\/wp-content\/uploads\/2021\/07\/WSK-59-1536x1017.jpg 1536w, https:\/\/www.pfarregersthof.at\/komm\/wp-content\/uploads\/2021\/07\/WSK-59-2048x1356.jpg 2048w, https:\/\/www.pfarregersthof.at\/komm\/wp-content\/uploads\/2021\/07\/WSK-59-696x461.jpg 696w, https:\/\/www.pfarregersthof.at\/komm\/wp-content\/uploads\/2021\/07\/WSK-59-1068x707.jpg 1068w, https:\/\/www.pfarregersthof.at\/komm\/wp-content\/uploads\/2021\/07\/WSK-59-634x420.jpg 634w, https:\/\/www.pfarregersthof.at\/komm\/wp-content\/uploads\/2021\/07\/WSK-59-1920x1272.jpg 1920w\" sizes=\"auto, (max-width: 696px) 100vw, 696px\" \/><\/a><\/p>\n<p><sub>Fotos: Christian P\u00e4chter<\/sub><\/p>\n","protected":false},"excerpt":{"rendered":"<p>Am 28. Juni 2021 traten 26 junge K\u00fcnstler der Wiener S\u00e4ngerknaben in unserer Pfarrkirche auf und begeisterten die Besucher mit einem wunderbaren und unvergesslichen Abend. Es war ein fulminantes Konzert und \u2013 endlich wieder einmal &#8211; ein kulturelles&nbsp; Highlight f\u00fcr die rund 150 G\u00e4ste (die beh\u00f6rdlich zugelassene H\u00f6chstzahl). Nach der Begr\u00fc\u00dfung durch Pater Martin und [&hellip;]<\/p>\n","protected":false},"author":2,"featured_media":0,"comment_status":"closed","ping_status":"closed","sticky":false,"template":"","format":"standard","meta":{"ngg_post_thumbnail":0,"footnotes":""},"categories":[7],"tags":[],"class_list":{"0":"post-9585","1":"post","2":"type-post","3":"status-publish","4":"format-standard","6":"category-archiv"},"publishpress_future_action":{"enabled":false,"date":"2026-05-08 06:49:17","action":"category","newStatus":"draft","terms":[],"taxonomy":"category","extraData":[]},"publishpress_future_workflow_manual_trigger":{"enabledWorkflows":[]},"_links":{"self":[{"href":"https:\/\/www.pfarregersthof.at\/komm\/wp-json\/wp\/v2\/posts\/9585","targetHints":{"allow":["GET"]}}],"collection":[{"href":"https:\/\/www.pfarregersthof.at\/komm\/wp-json\/wp\/v2\/posts"}],"about":[{"href":"https:\/\/www.pfarregersthof.at\/komm\/wp-json\/wp\/v2\/types\/post"}],"author":[{"embeddable":true,"href":"https:\/\/www.pfarregersthof.at\/komm\/wp-json\/wp\/v2\/users\/2"}],"replies":[{"embeddable":true,"href":"https:\/\/www.pfarregersthof.at\/komm\/wp-json\/wp\/v2\/comments?post=9585"}],"version-history":[{"count":1,"href":"https:\/\/www.pfarregersthof.at\/komm\/wp-json\/wp\/v2\/posts\/9585\/revisions"}],"predecessor-version":[{"id":9590,"href":"https:\/\/www.pfarregersthof.at\/komm\/wp-json\/wp\/v2\/posts\/9585\/revisions\/9590"}],"wp:attachment":[{"href":"https:\/\/www.pfarregersthof.at\/komm\/wp-json\/wp\/v2\/media?parent=9585"}],"wp:term":[{"taxonomy":"category","embeddable":true,"href":"https:\/\/www.pfarregersthof.at\/komm\/wp-json\/wp\/v2\/categories?post=9585"},{"taxonomy":"post_tag","embeddable":true,"href":"https:\/\/www.pfarregersthof.at\/komm\/wp-json\/wp\/v2\/tags?post=9585"}],"curies":[{"name":"wp","href":"https:\/\/api.w.org\/{rel}","templated":true}]}}