{"id":9688,"date":"2021-09-06T13:54:01","date_gmt":"2021-09-06T12:54:01","guid":{"rendered":"https:\/\/www.pfarregersthof.at\/komm\/?p=9688"},"modified":"2021-10-15T05:49:08","modified_gmt":"2021-10-15T04:49:08","slug":"diskussion-zu-hilfe-beim-suizid-14-10","status":"publish","type":"post","link":"https:\/\/www.pfarregersthof.at\/komm\/2021\/09\/diskussion-zu-hilfe-beim-suizid-14-10\/","title":{"rendered":"Diskussion zu \u201eHilfe beim Suizid?\u201c (14.10.)"},"content":{"rendered":"\n<p>Das Verbot der \u201eHilfeleistung zum Selbstmord\u201c (\u00a7 78 StGB, 2. Tatbestand) wurde vom Verfassungsgerichtshof mit Erkenntnis vom 11.12.2020 als verfassungswidrig aufgehoben. Ab 1.1.2022 ist daher die Hilfeleistung zum Suizid grunds\u00e4tzlich erlaubt.<\/p>\n<p>Da dieses Thema immer wieder angesprochen wird und viele Menschen bewegt, greifen wir es am <strong>Donnerstag, 14. Oktober 2021, ab 19:30 Uhr im Gemeindezentrum (Bastiengasse 18)<\/strong> auf.<br>Unter der Moderation von Mag. David P\u00f6tz, MSc., LL.M. (Mitglied des Pfarrgemeinderats) diskutieren mit uns:<\/p>\n<ul>\n<li>a.o. Univ.-Prof. Dr. Gerhard Marsch\u00fctz em., Theologe f\u00fcr Systematische Theologie und Ethik Seit vielen Jahren in. der Lehre im Bereich Moraltheologie und Ethik und als Autor t\u00e4tig.<\/li>\n<li>Prim. a.D. MR Dr. Michael Preitschopf, niedergelassener Internist in 1180 Wien und langj\u00e4hriger Primarius der Abteilung f\u00fcr Innere Medizin, Akutgeriatrie &amp; Rehabilitation und Palliativmedizin im G\u00f6ttlicher Heiland Krankenhaus.<\/li>\n<li>Anna St\u00fcrgkh, Bundesvorsitzende der JUNOS &#8211; Junge Liberale NEOS, 2012 Matura an der Sir Karl Popperschule, 2016 schloss sie Ihr Geschichte Studium an der University of Cambridge ab. Studiert internationale Studien an der diplomatischen Akademie Wien. Sie ist brennende Feministin und Liberale.<\/li>\n<\/ul>\n<p>Wir laden ein, sich mit diesem anspruchsvollen Thema auseinanderzusetzen<br><span style=\"color: #3366ff;\"><em>Pfarrer Dr. Arkadiusz Zakreta, CM, Mag. David P\u00f6tz<\/em><\/span> und der Pfarrgemeinderat<\/p>\n","protected":false},"excerpt":{"rendered":"<p>Das Verbot der \u201eHilfeleistung zum Selbstmord\u201c (\u00a7 78 StGB, 2. Tatbestand) wurde vom Verfassungsgerichtshof mit Erkenntnis vom 11.12.2020 als verfassungswidrig aufgehoben. Ab 1.1.2022 ist daher die Hilfeleistung zum Suizid grunds\u00e4tzlich erlaubt. Da dieses Thema immer wieder angesprochen wird und viele Menschen bewegt, greifen wir es am Donnerstag, 14. Oktober 2021, ab 19:30 Uhr im Gemeindezentrum [&hellip;]<\/p>\n","protected":false},"author":2,"featured_media":0,"comment_status":"closed","ping_status":"closed","sticky":false,"template":"","format":"standard","meta":{"ngg_post_thumbnail":0,"footnotes":""},"categories":[7],"tags":[],"class_list":{"0":"post-9688","1":"post","2":"type-post","3":"status-publish","4":"format-standard","6":"category-archiv"},"publishpress_future_action":{"enabled":false,"date":"2026-05-08 05:22:38","action":"category","newStatus":"draft","terms":[],"taxonomy":"category","extraData":[]},"publishpress_future_workflow_manual_trigger":{"enabledWorkflows":[]},"_links":{"self":[{"href":"https:\/\/www.pfarregersthof.at\/komm\/wp-json\/wp\/v2\/posts\/9688","targetHints":{"allow":["GET"]}}],"collection":[{"href":"https:\/\/www.pfarregersthof.at\/komm\/wp-json\/wp\/v2\/posts"}],"about":[{"href":"https:\/\/www.pfarregersthof.at\/komm\/wp-json\/wp\/v2\/types\/post"}],"author":[{"embeddable":true,"href":"https:\/\/www.pfarregersthof.at\/komm\/wp-json\/wp\/v2\/users\/2"}],"replies":[{"embeddable":true,"href":"https:\/\/www.pfarregersthof.at\/komm\/wp-json\/wp\/v2\/comments?post=9688"}],"version-history":[{"count":2,"href":"https:\/\/www.pfarregersthof.at\/komm\/wp-json\/wp\/v2\/posts\/9688\/revisions"}],"predecessor-version":[{"id":9819,"href":"https:\/\/www.pfarregersthof.at\/komm\/wp-json\/wp\/v2\/posts\/9688\/revisions\/9819"}],"wp:attachment":[{"href":"https:\/\/www.pfarregersthof.at\/komm\/wp-json\/wp\/v2\/media?parent=9688"}],"wp:term":[{"taxonomy":"category","embeddable":true,"href":"https:\/\/www.pfarregersthof.at\/komm\/wp-json\/wp\/v2\/categories?post=9688"},{"taxonomy":"post_tag","embeddable":true,"href":"https:\/\/www.pfarregersthof.at\/komm\/wp-json\/wp\/v2\/tags?post=9688"}],"curies":[{"name":"wp","href":"https:\/\/api.w.org\/{rel}","templated":true}]}}