{"id":9696,"date":"2021-09-06T14:05:39","date_gmt":"2021-09-06T13:05:39","guid":{"rendered":"https:\/\/www.pfarregersthof.at\/komm\/?p=9696"},"modified":"2021-09-10T05:01:15","modified_gmt":"2021-09-10T04:01:15","slug":"donnerstagtreff-zu-geschwisterlichkeit-statt-judenfeindschaft-9-9","status":"publish","type":"post","link":"https:\/\/www.pfarregersthof.at\/komm\/2021\/09\/donnerstagtreff-zu-geschwisterlichkeit-statt-judenfeindschaft-9-9\/","title":{"rendered":"Donnerstagtreff zu &#8222;Geschwisterlichkeit statt Judenfeindschaft&#8220; (9.9.)"},"content":{"rendered":"\n<p>Beim n\u00e4chsten Donnerstagtreff am 9. 9.2021 um 19.30 Uhr im Gemeindezentrum (Bastiengasse 18) spricht Univ.Prof.em. Dr. Martin J\u00e4ggle (Pr\u00e4sident des christlich-j\u00fcdischen Koordinierungsausschuss) zum Thema: Geschwisterlichkeit statt Judenfeindschaft<\/p>\n<p>Die j\u00fcdisch-christliche Beziehung hat sich grundlegend ver\u00e4ndert. Aber unver\u00e4ndert gib es antij\u00fcdische Kunst und Kirchenpatrone in Kirchen, gibt es antij\u00fcdische Stereotype in Predigten. J\u00fcdisch und christlich sind verschieden und zugleich viel n\u00e4her, als die meisten wissen. Was kann man tun angesichts antij\u00fcdischer Kunst, Kirchenpatronen und antij\u00fcdischen Stereotypen in Kirchen?<\/p>\n<p>Zur Teilnahme am Donnerstagtreff sind die Covid-Regeln einzuhalten: ein 3-G-Nachweis, das Tragen einer FFP2-Maske im Gemeindezentrum.<\/p>\n<p>Auf Ihr Kommen freut sich <br><span style=\"color: #3366ff;\"><em>Heinrich Bica<\/em><\/span><\/p>\n","protected":false},"excerpt":{"rendered":"<p>Beim n\u00e4chsten Donnerstagtreff am 9. 9.2021 um 19.30 Uhr im Gemeindezentrum (Bastiengasse 18) spricht Univ.Prof.em. Dr. Martin J\u00e4ggle (Pr\u00e4sident des christlich-j\u00fcdischen Koordinierungsausschuss) zum Thema: Geschwisterlichkeit statt Judenfeindschaft Die j\u00fcdisch-christliche Beziehung hat sich grundlegend ver\u00e4ndert. Aber unver\u00e4ndert gib es antij\u00fcdische Kunst und Kirchenpatrone in Kirchen, gibt es antij\u00fcdische Stereotype in Predigten. J\u00fcdisch und christlich sind verschieden [&hellip;]<\/p>\n","protected":false},"author":2,"featured_media":0,"comment_status":"closed","ping_status":"closed","sticky":false,"template":"","format":"standard","meta":{"ngg_post_thumbnail":0,"footnotes":""},"categories":[7],"tags":[],"class_list":{"0":"post-9696","1":"post","2":"type-post","3":"status-publish","4":"format-standard","6":"category-archiv"},"publishpress_future_action":{"enabled":false,"date":"2026-05-08 05:37:23","action":"category","newStatus":"draft","terms":[],"taxonomy":"category","extraData":[]},"publishpress_future_workflow_manual_trigger":{"enabledWorkflows":[]},"_links":{"self":[{"href":"https:\/\/www.pfarregersthof.at\/komm\/wp-json\/wp\/v2\/posts\/9696","targetHints":{"allow":["GET"]}}],"collection":[{"href":"https:\/\/www.pfarregersthof.at\/komm\/wp-json\/wp\/v2\/posts"}],"about":[{"href":"https:\/\/www.pfarregersthof.at\/komm\/wp-json\/wp\/v2\/types\/post"}],"author":[{"embeddable":true,"href":"https:\/\/www.pfarregersthof.at\/komm\/wp-json\/wp\/v2\/users\/2"}],"replies":[{"embeddable":true,"href":"https:\/\/www.pfarregersthof.at\/komm\/wp-json\/wp\/v2\/comments?post=9696"}],"version-history":[{"count":1,"href":"https:\/\/www.pfarregersthof.at\/komm\/wp-json\/wp\/v2\/posts\/9696\/revisions"}],"predecessor-version":[{"id":9697,"href":"https:\/\/www.pfarregersthof.at\/komm\/wp-json\/wp\/v2\/posts\/9696\/revisions\/9697"}],"wp:attachment":[{"href":"https:\/\/www.pfarregersthof.at\/komm\/wp-json\/wp\/v2\/media?parent=9696"}],"wp:term":[{"taxonomy":"category","embeddable":true,"href":"https:\/\/www.pfarregersthof.at\/komm\/wp-json\/wp\/v2\/categories?post=9696"},{"taxonomy":"post_tag","embeddable":true,"href":"https:\/\/www.pfarregersthof.at\/komm\/wp-json\/wp\/v2\/tags?post=9696"}],"curies":[{"name":"wp","href":"https:\/\/api.w.org\/{rel}","templated":true}]}}