{"id":9698,"date":"2021-09-06T14:13:53","date_gmt":"2021-09-06T13:13:53","guid":{"rendered":"https:\/\/www.pfarregersthof.at\/komm\/?p=9698"},"modified":"2021-09-19T13:37:01","modified_gmt":"2021-09-19T12:37:01","slug":"eingangsfest-mit-eingangstest-19-9","status":"publish","type":"post","link":"https:\/\/www.pfarregersthof.at\/komm\/2021\/09\/eingangsfest-mit-eingangstest-19-9\/","title":{"rendered":"Eingangsfest &#8211; mit Eingangstest (19.9.)"},"content":{"rendered":"\n<p>Schon lange war f\u00fcr den 19. September 2021 der bereits einmal verschobene Norberti-Kirtag geplant, vor dem 4. September hat ein Team von Verantwortlichen schweren Herzens Corona-bedingt eine weitere Verschiebung auf n\u00e4chstes Jahr (12.6.2022) beschlossen.<\/p>\n<p>Trotzdem soll am 19. September ab 10 Uhr in und anschlie\u00dfend vor unserer Pfarrkirche ein <strong>\u201eEingangsfest\u201c<\/strong> in das neue Arbeitsjahr gefeiert werden. In kleinerem Rahmen wollen wir bei Speis und Trank (belegten Broten, Wein, Wasser, S\u00e4ften) zum geselligen Beisammensein mit der M\u00f6glichkeit zum Gespr\u00e4ch und Gedankenaustausch einladen.<\/p>\n<p>Bei unserem Eingangsfest, die Feier des Gemeindegottesdienstes, d\u00fcrfen wir P. Maximilian Krenn OSB, aus dem Stift G\u00f6ttweig und als unser Firmspender bekannt, als Vorsteher herzlich begr\u00fc\u00dfen. Wir freuen uns mit ihm Gottesdienst zu feiern!<\/p>\n<p>Die Corona-Regelungen zwingen uns bei der zu erwartenden Besucherzahl allerdings zur Beachtung der 3G-Regelung sowie der Registrierung der Teilnehmer.<br>Das hei\u00dft, es k\u00f6nnen am Eingangsfest nur jene teilnehmen, die nachweislich getestet, geimpft oder genesen sind. Wer dies nachweist und au\u00dferdem seinen Namen mit Telefonnummer nennt hat den \u201eEingangstest\u201c bestanden und erh\u00e4lt ein Armband &#8211; und kann am \u201eEingangsfest\u201c teilnehmen.<br>Um die Kirche wird eine Zone markiert sein, in dieser d\u00fcrfen sich nur jene aufhalten, die das beim Eingangstest ausgegebene Armband tragen.<br><br>Wir freuen uns. <br><span style=\"color: #3366ff;\"><em>Bernhard Schleser<\/em><\/span>, stv. Vorsitzender PGR<\/p>\n","protected":false},"excerpt":{"rendered":"<p>Schon lange war f\u00fcr den 19. September 2021 der bereits einmal verschobene Norberti-Kirtag geplant, vor dem 4. September hat ein Team von Verantwortlichen schweren Herzens Corona-bedingt eine weitere Verschiebung auf n\u00e4chstes Jahr (12.6.2022) beschlossen. Trotzdem soll am 19. September ab 10 Uhr in und anschlie\u00dfend vor unserer Pfarrkirche ein \u201eEingangsfest\u201c in das neue Arbeitsjahr gefeiert [&hellip;]<\/p>\n","protected":false},"author":2,"featured_media":9699,"comment_status":"closed","ping_status":"closed","sticky":false,"template":"","format":"standard","meta":{"ngg_post_thumbnail":0,"footnotes":""},"categories":[7],"tags":[],"class_list":{"0":"post-9698","1":"post","2":"type-post","3":"status-publish","4":"format-standard","5":"has-post-thumbnail","7":"category-archiv"},"publishpress_future_action":{"enabled":false,"date":"2026-05-08 05:22:37","action":"category","newStatus":"draft","terms":[],"taxonomy":"category","extraData":[]},"publishpress_future_workflow_manual_trigger":{"enabledWorkflows":[]},"_links":{"self":[{"href":"https:\/\/www.pfarregersthof.at\/komm\/wp-json\/wp\/v2\/posts\/9698","targetHints":{"allow":["GET"]}}],"collection":[{"href":"https:\/\/www.pfarregersthof.at\/komm\/wp-json\/wp\/v2\/posts"}],"about":[{"href":"https:\/\/www.pfarregersthof.at\/komm\/wp-json\/wp\/v2\/types\/post"}],"author":[{"embeddable":true,"href":"https:\/\/www.pfarregersthof.at\/komm\/wp-json\/wp\/v2\/users\/2"}],"replies":[{"embeddable":true,"href":"https:\/\/www.pfarregersthof.at\/komm\/wp-json\/wp\/v2\/comments?post=9698"}],"version-history":[{"count":1,"href":"https:\/\/www.pfarregersthof.at\/komm\/wp-json\/wp\/v2\/posts\/9698\/revisions"}],"predecessor-version":[{"id":9700,"href":"https:\/\/www.pfarregersthof.at\/komm\/wp-json\/wp\/v2\/posts\/9698\/revisions\/9700"}],"wp:featuredmedia":[{"embeddable":true,"href":"https:\/\/www.pfarregersthof.at\/komm\/wp-json\/wp\/v2\/media\/9699"}],"wp:attachment":[{"href":"https:\/\/www.pfarregersthof.at\/komm\/wp-json\/wp\/v2\/media?parent=9698"}],"wp:term":[{"taxonomy":"category","embeddable":true,"href":"https:\/\/www.pfarregersthof.at\/komm\/wp-json\/wp\/v2\/categories?post=9698"},{"taxonomy":"post_tag","embeddable":true,"href":"https:\/\/www.pfarregersthof.at\/komm\/wp-json\/wp\/v2\/tags?post=9698"}],"curies":[{"name":"wp","href":"https:\/\/api.w.org\/{rel}","templated":true}]}}