{"id":9760,"date":"2021-09-13T15:14:38","date_gmt":"2021-09-13T14:14:38","guid":{"rendered":"https:\/\/www.pfarregersthof.at\/komm\/?p=9760"},"modified":"2021-12-12T20:05:34","modified_gmt":"2021-12-12T19:05:34","slug":"die-kinderkirche-startet-wieder","status":"publish","type":"post","link":"https:\/\/www.pfarregersthof.at\/komm\/2021\/09\/die-kinderkirche-startet-wieder\/","title":{"rendered":"Die Kinderkirche startet wieder"},"content":{"rendered":"\n<p>Unter dem Leitgedanken \u201eMit Jesus Neues bauen\u201c feiern wir wieder Wort-Gottesdienste f\u00fcr Kindergarten- und Schulkinder \u2013 bei halbwegs gutem Wetter im Pfarrhausgarten, bei Schlechtwetter oder K\u00e4lte im Gemeindezentrum (Bastiengasse 18). Im Gemeindezentrum gilt die 3G-Regel f\u00fcr alle Erwachsenen, ebenso FFP2 Maske. Danke f\u00fcr euer Verst\u00e4ndnis!<\/p>\n<p>Termine: 12. 9., 17. &amp; 24. 10., 07., 14., &amp; 28. 11., 05. &amp; 19. 12., 09. &amp; 23. 01., 13. &amp; 27. 02., 06., &amp; 27. 03., 24. 04., 08. &amp; 22. 05-. 05. &amp; 19. 06. <br>Wir starten p\u00fcnktlich um 10 Uhr!<\/p>\n<p>Ein Folder ergeht an Kinder des Kindergartens und der Volksschulen.<\/p>\n<p>Auf <a href=\"\/komm\/pfarre-von-a-z\/angebote\/angebot-kinderkirche-und-junge-kirche\/\">dieser Seite des pfarrlichen Web<\/a> sind dauerhaft Informationen \u00fcber die Kinderkirche und Familiengottesdienste zu finden.<\/p>\n<p>Auf das gemeinsame Feiern freuen sich <br><span style=\"color: #3366ff;\"><em>Gerda<\/em><\/span> und das Kinderkirchenteam<\/p>\n","protected":false},"excerpt":{"rendered":"<p>Unter dem Leitgedanken \u201eMit Jesus Neues bauen\u201c feiern wir wieder Wort-Gottesdienste f\u00fcr Kindergarten- und Schulkinder \u2013 bei halbwegs gutem Wetter im Pfarrhausgarten, bei Schlechtwetter oder K\u00e4lte im Gemeindezentrum (Bastiengasse 18). Im Gemeindezentrum gilt die 3G-Regel f\u00fcr alle Erwachsenen, ebenso FFP2 Maske. Danke f\u00fcr euer Verst\u00e4ndnis! Termine: 12. 9., 17. &amp; 24. 10., 07., 14., &amp; [&hellip;]<\/p>\n","protected":false},"author":2,"featured_media":0,"comment_status":"closed","ping_status":"closed","sticky":false,"template":"","format":"standard","meta":{"ngg_post_thumbnail":0,"footnotes":""},"categories":[7],"tags":[],"class_list":{"0":"post-9760","1":"post","2":"type-post","3":"status-publish","4":"format-standard","6":"category-archiv"},"publishpress_future_action":{"enabled":false,"date":"2026-05-08 05:22:37","action":"category","newStatus":"draft","terms":[],"taxonomy":"category","extraData":[]},"publishpress_future_workflow_manual_trigger":{"enabledWorkflows":[]},"_links":{"self":[{"href":"https:\/\/www.pfarregersthof.at\/komm\/wp-json\/wp\/v2\/posts\/9760","targetHints":{"allow":["GET"]}}],"collection":[{"href":"https:\/\/www.pfarregersthof.at\/komm\/wp-json\/wp\/v2\/posts"}],"about":[{"href":"https:\/\/www.pfarregersthof.at\/komm\/wp-json\/wp\/v2\/types\/post"}],"author":[{"embeddable":true,"href":"https:\/\/www.pfarregersthof.at\/komm\/wp-json\/wp\/v2\/users\/2"}],"replies":[{"embeddable":true,"href":"https:\/\/www.pfarregersthof.at\/komm\/wp-json\/wp\/v2\/comments?post=9760"}],"version-history":[{"count":1,"href":"https:\/\/www.pfarregersthof.at\/komm\/wp-json\/wp\/v2\/posts\/9760\/revisions"}],"predecessor-version":[{"id":9761,"href":"https:\/\/www.pfarregersthof.at\/komm\/wp-json\/wp\/v2\/posts\/9760\/revisions\/9761"}],"wp:attachment":[{"href":"https:\/\/www.pfarregersthof.at\/komm\/wp-json\/wp\/v2\/media?parent=9760"}],"wp:term":[{"taxonomy":"category","embeddable":true,"href":"https:\/\/www.pfarregersthof.at\/komm\/wp-json\/wp\/v2\/categories?post=9760"},{"taxonomy":"post_tag","embeddable":true,"href":"https:\/\/www.pfarregersthof.at\/komm\/wp-json\/wp\/v2\/tags?post=9760"}],"curies":[{"name":"wp","href":"https:\/\/api.w.org\/{rel}","templated":true}]}}