{"id":9776,"date":"2021-09-13T15:56:00","date_gmt":"2021-09-13T14:56:00","guid":{"rendered":"https:\/\/www.pfarregersthof.at\/komm\/?p=9776"},"modified":"2021-11-14T14:25:42","modified_gmt":"2021-11-14T13:25:42","slug":"covid-regelungen-derzeit-2021-09","status":"publish","type":"post","link":"https:\/\/www.pfarregersthof.at\/komm\/2021\/09\/covid-regelungen-derzeit-2021-09\/","title":{"rendered":"Covid-Regelungen von 15.9. bis 12.11.2021"},"content":{"rendered":"\n<p>Liebe Christinnen und Christen in unserer Pfarrgemeinde,<\/p>\n<p>derzeit gelten noch weitgehend die seit Anfang Juli geltenden einfacheren Coronavirus-Regelungen, hoffen wir, dass die steigenden Infektions- und Krankenhauszahlen diese nicht wieder versch\u00e4rfen.<br>Die Wesentlichsten sind:<br>&#8211; In der Kirche ist ein FFP2-Maske, ein Mund-Nasen-Schutz reicht nicht mehr zu tragen<br>&#8211; Bei allen anderen Veranstaltungen &#8211; z.B. Pfarrkaffee, Agape, Feste, aber auch Gruppenstunden, Gespr\u00e4chsrunden, &#8230; &#8211; ist die 3-G-Regelung einzuhalten.<br>Details dazu gibt es etwas weiter unten.<\/p>\n<p>F\u00fcr das Covid-Team der Pfarre<br><em><span style=\"color: #3366ff;\">Wolfgang Twaroch<\/span><\/em><\/p>\n<p><strong>Die Regelungen mit mehr Details<\/strong>, Stand vom 15. September 2021 &#8230;<\/p>\n<h3>.. f\u00fcr die Teilnahme an Gottesdiensten &#8230;<\/h3>\n<p>In der Pfarrkirche bitte dies beachten:<\/p>\n<ul>\n<li><strong>Die FFP-2 Maske<\/strong> ist vom Hineingehen bis zum Herauskommen, also w\u00e4hrend der ganzen Feier, zu tragen &#8211; der einfachere Mund-Nasen-Schutz reicht nicht mehr.<\/li>\n<li>Die Einbahnregelung im Kirchenraum bitte weiter beachten: seitlich nach vorne, in der Mitte nach hinten &#8211; vor allem bei der Kommunionspendung! F\u00fcr mobilit\u00e4tseingeschr\u00e4nkte Personen wird die Kommunion zum Sitzplatz gebracht.<\/li>\n<li>Im Eingangsbereich gibt es die M\u00f6glichkeit, die H\u00e4nde mithilfe der kleinen Spender in Wei\u00df zu desinfizieren.<\/li>\n<li>Statt des Absammelns von Spenden w\u00e4hrend der Gabenbereitung stehen am Ausgang des Kirchenraums zwei K\u00f6rbchen f\u00fcr Ihre Spenden bereit.<br>Bitte beim schon beim Eintreten oder auch beim Verlassen verwenden, danke.<\/li>\n<\/ul>\n<h3>&#8230; f\u00fcr andere Veranstaltungen als Gottesdienste &#8230;<\/h3>\n<p>&#8230; also Gruppenstunden, Sakramentenvorbereitung, Treffen, Gespr\u00e4chsrunden, und \u00e4hnliches (bis zu 100 Teilnehmer):<\/p>\n<ul>\n<li>Es gilt prinzipiell f\u00fcr alle ab 6 Jahren ein Nachweis der 3G-Regel (Getestet &#8211; Geimpft &#8211; Genesen). In Ausnahmef\u00e4llen kann vom jeweiligen Veranstalter stattdessen auch Maskenpflicht als Teilnahmevoraussetzung festgelegt werden.<br>Die Einhaltung der Regel wird durch die jeweiligen Gruppenverantwortlichen bzw. Veranstalter sichergestellt und zu kontrolliert. Das kann bei regelm\u00e4\u00dfigen Gruppentreffen mit immer gleichen Teilnehmern durch das F\u00fchren einer aktuellen Liste \u00fcber den 3-G Status oder durch Eingangskontrollen erfolgen.<\/li>\n<li>Buffets: Selbstbedienung ist zul\u00e4ssig, wenn geeignete Hygienema\u00dfnahmen gesetzt werden (z.B. Desinfektionsmittel vor dem Buffet).<\/li>\n<li>F\u00fcr Veranstaltungen \u00fcber 100 Personen gelten zus\u00e4tzliche Auflagen, die von den jeweiligen Veranstaltern mitgeteilt werden.<\/li>\n<\/ul>\n<p><strong>Die notwendigen 3-G Nachweise<\/strong> im Detail:<br>A) Eine <strong>Testung<\/strong>, wobei<br>* PCR-Tests (z.B. \u201cWien gurgelt\u201d) 48h g\u00fcltig sind (Ausnahme f\u00fcr Kinder bis 12 Jahren: G\u00fcltigkeitsdauer PCR-Test 72 Std.)<br>* Antigen-Tests (aus Apotheke, Teststra\u00dfe, Arzt) 24 Std. g\u00fcltig (Ausnahme f\u00fcr Kinder bis 12 Jahren: G\u00fcltigkeitsdauer Antigen-Test 48 Std.). Hierzu z\u00e4hlen auch Schultests (\u201cCovid-Ninja\u201d).<br>* Antigentest zur eigenen Anwendung, der in einem beh\u00f6rdlichen Datenerfassungssystem erfasst wird (Geltung 24 Stunden). Die Bundesl\u00e4nder erarbeiten<br>daf\u00fcr technische M\u00f6glichkeiten.<br><br>B) Eine <strong>Impfung<\/strong>, wobei<br>* Die erste Impfung mindestens 22 Tage, h\u00f6chstens 3 Monate zur\u00fcckliegen darf<br>* Bei verabreichter Zweitimpfung die Erstimpfung h\u00f6chstens 9 Monate zur\u00fcckliegen darf<br>* Bei Impfstoffen mit nur einer Dosis, die Impfung mindestens 22 Tage, h\u00f6chstens 9 Monate zur\u00fcckliegen darf<br>* Sonstige Impfung, sofern mindestens 21 Tage vor der Impfung ein positiver molekularbiologischer Test auf SARS-CoV-2 bzw. vor der Impfung ein Nachweis \u00fcber neutralisierende Antik\u00f6rper vorlag, wobei die Impfung nicht l\u00e4nger<br>als neun Monate zur\u00fcckliegen darf<br><br>C) Die <strong>Genesung<\/strong> einer Covid19-Erkrankung wobei<br>* Eine \u00e4rztliche Best\u00e4tigung \u00fcber eine \u00fcberstandene Infektion h\u00f6chstens 180Tage zur\u00fcckliegen darf<br>* Eine Best\u00e4tigung \u00fcber Antik\u00f6rper h\u00f6chstens 90 Tage zur\u00fcckliegen darf<br>* Eine beh\u00f6rdliche Best\u00e4tigung (Absonderungsbescheid) f\u00fcr eine nachweislich erkrankte Person h\u00f6chstens 180 Tage zur\u00fcckliegen darf<\/p>\n<p>&nbsp;<\/p>\n<p>Wer alle diese Regelungen im Detail nachlesen will, kann dies auf der <a href=\"https:\/\/www.erzdioezese-wien.at\/pages\/inst\/14428131\/gemeindeentwicklung\/themenjahre\/corona\/article\/83044.html\" target=\"_blank\" rel=\"noopener\">Coronavirus-Seite der Erzdi\u00f6zese Wien<\/a> tun.<\/p>\n<p>&nbsp;<\/p>\n","protected":false},"excerpt":{"rendered":"<p>Liebe Christinnen und Christen in unserer Pfarrgemeinde, derzeit gelten noch weitgehend die seit Anfang Juli geltenden einfacheren Coronavirus-Regelungen, hoffen wir, dass die steigenden Infektions- und Krankenhauszahlen diese nicht wieder versch\u00e4rfen.Die Wesentlichsten sind:&#8211; In der Kirche ist ein FFP2-Maske, ein Mund-Nasen-Schutz reicht nicht mehr zu tragen&#8211; Bei allen anderen Veranstaltungen &#8211; z.B. Pfarrkaffee, Agape, Feste, aber [&hellip;]<\/p>\n","protected":false},"author":2,"featured_media":0,"comment_status":"closed","ping_status":"closed","sticky":false,"template":"","format":"standard","meta":{"ngg_post_thumbnail":0,"footnotes":""},"categories":[7],"tags":[],"class_list":{"0":"post-9776","1":"post","2":"type-post","3":"status-publish","4":"format-standard","6":"category-archiv"},"publishpress_future_action":{"enabled":false,"date":"2026-05-08 04:11:15","action":"category","newStatus":"draft","terms":[],"taxonomy":"category","extraData":[]},"publishpress_future_workflow_manual_trigger":{"enabledWorkflows":[]},"_links":{"self":[{"href":"https:\/\/www.pfarregersthof.at\/komm\/wp-json\/wp\/v2\/posts\/9776","targetHints":{"allow":["GET"]}}],"collection":[{"href":"https:\/\/www.pfarregersthof.at\/komm\/wp-json\/wp\/v2\/posts"}],"about":[{"href":"https:\/\/www.pfarregersthof.at\/komm\/wp-json\/wp\/v2\/types\/post"}],"author":[{"embeddable":true,"href":"https:\/\/www.pfarregersthof.at\/komm\/wp-json\/wp\/v2\/users\/2"}],"replies":[{"embeddable":true,"href":"https:\/\/www.pfarregersthof.at\/komm\/wp-json\/wp\/v2\/comments?post=9776"}],"version-history":[{"count":6,"href":"https:\/\/www.pfarregersthof.at\/komm\/wp-json\/wp\/v2\/posts\/9776\/revisions"}],"predecessor-version":[{"id":10269,"href":"https:\/\/www.pfarregersthof.at\/komm\/wp-json\/wp\/v2\/posts\/9776\/revisions\/10269"}],"wp:attachment":[{"href":"https:\/\/www.pfarregersthof.at\/komm\/wp-json\/wp\/v2\/media?parent=9776"}],"wp:term":[{"taxonomy":"category","embeddable":true,"href":"https:\/\/www.pfarregersthof.at\/komm\/wp-json\/wp\/v2\/categories?post=9776"},{"taxonomy":"post_tag","embeddable":true,"href":"https:\/\/www.pfarregersthof.at\/komm\/wp-json\/wp\/v2\/tags?post=9776"}],"curies":[{"name":"wp","href":"https:\/\/api.w.org\/{rel}","templated":true}]}}