{"id":9857,"date":"2021-09-19T13:36:24","date_gmt":"2021-09-19T12:36:24","guid":{"rendered":"https:\/\/www.pfarregersthof.at\/komm\/?p=9857"},"modified":"2021-10-08T18:03:32","modified_gmt":"2021-10-08T17:03:32","slug":"ein-buntes-eingangsfest","status":"publish","type":"post","link":"https:\/\/www.pfarregersthof.at\/komm\/2021\/09\/ein-buntes-eingangsfest\/","title":{"rendered":"Ein buntes Eingangsfest"},"content":{"rendered":"\n<p>Fest feiern ist seit dem Winter 2019 nicht mehr einfach, die Covid-Regeln bremsen auch Pfarrgemeinden ein. So wurde schlie\u00dflich am Sonntag, 19.9.2021, nach dem 10-Uhr-Gottesdienst ein &#8222;Eingangsfest&#8220; organisiert, das Menschen aus der Gemeinde nach dem Sommer wieder zusammenbringen wollte.&nbsp;<\/p>\n<p>Ein Schwerpunkt des Festes war aufzuzeigen, wie bunt die Pfarrgemeinde von Gersthof ist, wie viele Menschen mit unterschiedlichen Schwerpunkten und Zielen hier zusammenkommen. Ausgedr\u00fcckt wurde dies durch eine bunte Gestaltung des Rahmens: nach der 3-G-Pr\u00fcfung erhielt man ein oranges Armband, viele gelbe Sonnenblumen und bunte T\u00fccher umrahmten den Altar, und am Ende durfte jede*r Mitfeiernde einen Luftballon in einer vor vielen Farben aufblasen und mitnehmen.<\/p>\n<p>Als Vorsteher des Gottesdienstes war P. Maximilian Krenn eingeladen worden. Er ist im Stift G\u00f6ttweig Leiter des Exerzitienhauses und hat ein den vergangen Jahren in Gersthof die Firmung gespendet. Er ist mit Gersthof seit langem verbunden: hier geboren und aufgewachsen.<\/p>\n<p>In seiner Predigt griff P. Maximilian das Evangelium des Sonntags auf, in dem Jesus ein Kind in die Mitte der J\u00fcnger gestellt hatte. Er stellte die Frage, ob heutige Menschen nicht zu sehr erwachsen geworden sind und eine Unbefangenheit im Umgang mit Themen und Menschen verloren haben. Wir sollen &#8222;die Botschaft Gottes ganz unvoreingenommen h\u00f6ren&#8220;, lud er ein und meinte, &#8222;wenn wir Jesu Botschaft der Liebe annehmen, dann wird sich auch unser Leben wandeln&#8220;.<\/p>\n<p>Nach dem Gottesdienst waren alle mit einem 3-G-Nachweis zu einer Agape &#8211; Brot und Wein &#8211;&nbsp; und zum Gespr\u00e4che vor der Kirche eingeladen. Die Menschen aus der Gemeinden w\u00e4hlten eher das Gespr\u00e4ch, denn es war etwas windig und frisch so dass der k\u00fchle Umtrunk nicht ganz so passte. Zum Abschluss lie\u00dft jedoch die Sonne noch einige warme Strahlen auf den Platz vor der Kirche herunterfallen.<\/p>\n<p>Hier einige Bilder von Gottesdienst und Agape<br><sup>(auf eines klicken, dann werden sie gr\u00f6\u00dfer)<\/sup><\/p>\nngg_shortcode_0_placeholder\n<p><sub>Fotos: Michael Steidl<\/sub><\/p>\n","protected":false},"excerpt":{"rendered":"<p>Fest feiern ist seit dem Winter 2019 nicht mehr einfach, die Covid-Regeln bremsen auch Pfarrgemeinden ein. So wurde schlie\u00dflich am Sonntag, 19.9.2021, nach dem 10-Uhr-Gottesdienst ein &#8222;Eingangsfest&#8220; organisiert, das Menschen aus der Gemeinde nach dem Sommer wieder zusammenbringen wollte.&nbsp; Ein Schwerpunkt des Festes war aufzuzeigen, wie bunt die Pfarrgemeinde von Gersthof ist, wie viele Menschen [&hellip;]<\/p>\n","protected":false},"author":2,"featured_media":9858,"comment_status":"closed","ping_status":"closed","sticky":false,"template":"","format":"standard","meta":{"ngg_post_thumbnail":0,"footnotes":""},"categories":[7],"tags":[],"class_list":{"0":"post-9857","1":"post","2":"type-post","3":"status-publish","4":"format-standard","5":"has-post-thumbnail","7":"category-archiv"},"publishpress_future_action":{"enabled":false,"date":"2026-05-08 04:11:18","action":"category","newStatus":"draft","terms":[],"taxonomy":"category","extraData":[]},"publishpress_future_workflow_manual_trigger":{"enabledWorkflows":[]},"_links":{"self":[{"href":"https:\/\/www.pfarregersthof.at\/komm\/wp-json\/wp\/v2\/posts\/9857","targetHints":{"allow":["GET"]}}],"collection":[{"href":"https:\/\/www.pfarregersthof.at\/komm\/wp-json\/wp\/v2\/posts"}],"about":[{"href":"https:\/\/www.pfarregersthof.at\/komm\/wp-json\/wp\/v2\/types\/post"}],"author":[{"embeddable":true,"href":"https:\/\/www.pfarregersthof.at\/komm\/wp-json\/wp\/v2\/users\/2"}],"replies":[{"embeddable":true,"href":"https:\/\/www.pfarregersthof.at\/komm\/wp-json\/wp\/v2\/comments?post=9857"}],"version-history":[{"count":3,"href":"https:\/\/www.pfarregersthof.at\/komm\/wp-json\/wp\/v2\/posts\/9857\/revisions"}],"predecessor-version":[{"id":9862,"href":"https:\/\/www.pfarregersthof.at\/komm\/wp-json\/wp\/v2\/posts\/9857\/revisions\/9862"}],"wp:featuredmedia":[{"embeddable":true,"href":"https:\/\/www.pfarregersthof.at\/komm\/wp-json\/wp\/v2\/media\/9858"}],"wp:attachment":[{"href":"https:\/\/www.pfarregersthof.at\/komm\/wp-json\/wp\/v2\/media?parent=9857"}],"wp:term":[{"taxonomy":"category","embeddable":true,"href":"https:\/\/www.pfarregersthof.at\/komm\/wp-json\/wp\/v2\/categories?post=9857"},{"taxonomy":"post_tag","embeddable":true,"href":"https:\/\/www.pfarregersthof.at\/komm\/wp-json\/wp\/v2\/tags?post=9857"}],"curies":[{"name":"wp","href":"https:\/\/api.w.org\/{rel}","templated":true}]}}