{"id":9906,"date":"2021-10-02T16:40:01","date_gmt":"2021-10-02T15:40:01","guid":{"rendered":"https:\/\/www.pfarregersthof.at\/komm\/?p=9906"},"modified":"2021-12-12T20:06:26","modified_gmt":"2021-12-12T19:06:26","slug":"60plus-aktiv-bis-sommer-2022","status":"publish","type":"post","link":"https:\/\/www.pfarregersthof.at\/komm\/2021\/10\/60plus-aktiv-bis-sommer-2022\/","title":{"rendered":"60plus aktiv &#8230; bis Sommer 2022"},"content":{"rendered":"\n<p>Liebe Freunde von 60plus!<\/p>\n<p>Wir haben wieder ein interessantes und abwechslungsreiches Programm f\u00fcr Sie zusammengestellt mit dem wir Ihnen einmal im Monat \u2013 grunds\u00e4tzlich immer am letzten Donnerstag \u2013 einen unterhaltsamen Nachmittag bieten wollen. Das Programm finden sie auf der <a href=\"\/komm\/pfarre-von-a-z\/angebote\/60plus-fuer-senioren-und-andere-interessenten\/\">dauerhaften 60plus-Seite<\/a>.&nbsp; &nbsp; In bew\u00e4hrter Tradition ist als Abschluss ein gemeinsamer Kaffeehausbesuch zum gem\u00fctlichen Plaudern geplant.<\/p>\n<p>Sollte uns zwischenzeitlich etwas Sehenswertes auffallen, werden wir gerne einen zus\u00e4tzlichen Termin einschieben und rechtzeitig dar\u00fcber informieren. Selbstverst\u00e4ndlich finden alle Veranstaltungen unter den \u2013 zum jeweiligen Zeitpunkt-&nbsp; geltenden gesetzlichen Covid- Ma\u00dfnahmen statt. Auf vergn\u00fcgliche und informative Nachmittage freuen sich<\/p>\n<p><em><span style=\"color: #3366ff;\">Maria Kissich<\/span> und das Team der Pfarrcaritas<\/em><\/p>\n","protected":false},"excerpt":{"rendered":"<p>Liebe Freunde von 60plus! Wir haben wieder ein interessantes und abwechslungsreiches Programm f\u00fcr Sie zusammengestellt mit dem wir Ihnen einmal im Monat \u2013 grunds\u00e4tzlich immer am letzten Donnerstag \u2013 einen unterhaltsamen Nachmittag bieten wollen. Das Programm finden sie auf der dauerhaften 60plus-Seite.&nbsp; &nbsp; In bew\u00e4hrter Tradition ist als Abschluss ein gemeinsamer Kaffeehausbesuch zum gem\u00fctlichen Plaudern [&hellip;]<\/p>\n","protected":false},"author":2,"featured_media":0,"comment_status":"closed","ping_status":"closed","sticky":false,"template":"","format":"standard","meta":{"ngg_post_thumbnail":0,"footnotes":""},"categories":[20],"tags":[],"class_list":{"0":"post-9906","1":"post","2":"type-post","3":"status-publish","4":"format-standard","6":"category-uebrigens"},"publishpress_future_action":{"enabled":false,"date":"2026-05-10 19:02:35","action":"category","newStatus":"draft","terms":[],"taxonomy":"category","extraData":[]},"publishpress_future_workflow_manual_trigger":{"enabledWorkflows":[]},"_links":{"self":[{"href":"https:\/\/www.pfarregersthof.at\/komm\/wp-json\/wp\/v2\/posts\/9906","targetHints":{"allow":["GET"]}}],"collection":[{"href":"https:\/\/www.pfarregersthof.at\/komm\/wp-json\/wp\/v2\/posts"}],"about":[{"href":"https:\/\/www.pfarregersthof.at\/komm\/wp-json\/wp\/v2\/types\/post"}],"author":[{"embeddable":true,"href":"https:\/\/www.pfarregersthof.at\/komm\/wp-json\/wp\/v2\/users\/2"}],"replies":[{"embeddable":true,"href":"https:\/\/www.pfarregersthof.at\/komm\/wp-json\/wp\/v2\/comments?post=9906"}],"version-history":[{"count":1,"href":"https:\/\/www.pfarregersthof.at\/komm\/wp-json\/wp\/v2\/posts\/9906\/revisions"}],"predecessor-version":[{"id":9909,"href":"https:\/\/www.pfarregersthof.at\/komm\/wp-json\/wp\/v2\/posts\/9906\/revisions\/9909"}],"wp:attachment":[{"href":"https:\/\/www.pfarregersthof.at\/komm\/wp-json\/wp\/v2\/media?parent=9906"}],"wp:term":[{"taxonomy":"category","embeddable":true,"href":"https:\/\/www.pfarregersthof.at\/komm\/wp-json\/wp\/v2\/categories?post=9906"},{"taxonomy":"post_tag","embeddable":true,"href":"https:\/\/www.pfarregersthof.at\/komm\/wp-json\/wp\/v2\/tags?post=9906"}],"curies":[{"name":"wp","href":"https:\/\/api.w.org\/{rel}","templated":true}]}}